{"id":2586,"date":"2022-10-24T10:37:51","date_gmt":"2022-10-24T10:37:51","guid":{"rendered":"https:\/\/ladepeche.mr\/?p=2586"},"modified":"2022-10-24T10:39:24","modified_gmt":"2022-10-24T10:39:24","slug":"afrique-des-hommes-daffaires-mauritaniens-interdits-dentree-en-angola","status":"publish","type":"post","link":"https:\/\/ladepeche.mr\/?p=2586","title":{"rendered":"Afrique: Des hommes d&#8217;affaires mauritaniens interdits d&#8217;entr\u00e9e en Angola"},"content":{"rendered":"<p>Six hommes d\u2019affaires mauritaniens, arriv\u00e9s \u00e0 bord d\u2019un jet priv\u00e9 \u00e0 Luanda, ont \u00e9t\u00e9 refus\u00e9s d\u2019entr\u00e9e en territoire angolais pour d\u00e9faut de visa, apprend-on de source m\u00e9diatique.<br \/>\nSelon les m\u00eames sources, l\u2019ambassade de Mauritanie \u00e0 Lunda et des hommes d\u2019affaires sur place se sont investis pour d\u00e9nouer l\u2019affaire du visa. \u00abNous nous attendions \u00e0 des visas de courtoisie \u00bb aurait expliqu\u00e9 l\u2019un des membres de la d\u00e9l\u00e9gation mauritanienne indiquant que la d\u00e9l\u00e9gation regrette cet incident inattendu.<br \/>\nLes hommes d\u2019affaires mauritaniens dont il s\u2019agit seraient :<br \/>\n1. Mohamed Ould Noueigued<br \/>\n2. Mouhidine Ahmed Saleck dit Sahraoui<br \/>\n3. Mohamed Salem Ould El Mokhtar<br \/>\n4. Mohamed El Mokhtar Ould Sidi Ha\u00efba<br \/>\n5. Mohamed Ould Lehah<br \/>\n6. Mohamed Ould Amar<\/p>\n","protected":false},"excerpt":{"rendered":"<p>Six hommes d\u2019affaires mauritaniens, arriv\u00e9s \u00e0 bord d\u2019un jet priv\u00e9 \u00e0 Luanda, ont \u00e9t\u00e9 refus\u00e9s d\u2019entr\u00e9e en territoire angolais pour d\u00e9faut de visa, apprend-on de source m\u00e9diatique. Selon les m\u00eames sources, l\u2019ambassade de Mauritanie \u00e0 Lunda et des hommes d\u2019affaires sur place se sont investis pour d\u00e9nouer l\u2019affaire du visa. \u00abNous nous attendions \u00e0 des &hellip;<\/p>\n","protected":false},"author":2,"featured_media":2587,"comment_status":"open","ping_status":"open","sticky":false,"template":"","format":"standard","meta":{"footnotes":""},"categories":[18,2],"tags":[],"class_list":["post-2586","post","type-post","status-publish","format-standard","has-post-thumbnail","hentry","category-actualites","category-economie"],"_links":{"self":[{"href":"https:\/\/ladepeche.mr\/index.php?rest_route=\/wp\/v2\/posts\/2586","targetHints":{"allow":["GET"]}}],"collection":[{"href":"https:\/\/ladepeche.mr\/index.php?rest_route=\/wp\/v2\/posts"}],"about":[{"href":"https:\/\/ladepeche.mr\/index.php?rest_route=\/wp\/v2\/types\/post"}],"author":[{"embeddable":true,"href":"https:\/\/ladepeche.mr\/index.php?rest_route=\/wp\/v2\/users\/2"}],"replies":[{"embeddable":true,"href":"https:\/\/ladepeche.mr\/index.php?rest_route=%2Fwp%2Fv2%2Fcomments&post=2586"}],"version-history":[{"count":3,"href":"https:\/\/ladepeche.mr\/index.php?rest_route=\/wp\/v2\/posts\/2586\/revisions"}],"predecessor-version":[{"id":2590,"href":"https:\/\/ladepeche.mr\/index.php?rest_route=\/wp\/v2\/posts\/2586\/revisions\/2590"}],"wp:featuredmedia":[{"embeddable":true,"href":"https:\/\/ladepeche.mr\/index.php?rest_route=\/wp\/v2\/media\/2587"}],"wp:attachment":[{"href":"https:\/\/ladepeche.mr\/index.php?rest_route=%2Fwp%2Fv2%2Fmedia&parent=2586"}],"wp:term":[{"taxonomy":"category","embeddable":true,"href":"https:\/\/ladepeche.mr\/index.php?rest_route=%2Fwp%2Fv2%2Fcategories&post=2586"},{"taxonomy":"post_tag","embeddable":true,"href":"https:\/\/ladepeche.mr\/index.php?rest_route=%2Fwp%2Fv2%2Ftags&post=2586"}],"curies":[{"name":"wp","href":"https:\/\/api.w.org\/{rel}","templated":true}]}}