{"id":2602,"date":"2022-10-24T21:09:40","date_gmt":"2022-10-24T21:09:40","guid":{"rendered":"https:\/\/ladepeche.mr\/?p=2602"},"modified":"2022-10-24T21:10:33","modified_gmt":"2022-10-24T21:10:33","slug":"uinee-accord-de-24-mois-avec-la-cedeao-pour-la-transition","status":"publish","type":"post","link":"https:\/\/ladepeche.mr\/?p=2602","title":{"rendered":"Guin\u00e9e : Accord de 24 mois avec la CEDEAO pour la transition"},"content":{"rendered":"<p>Une mission de la CEDEAO a s\u00e9journ\u00e9 \u00e0 Conakry afin d\u2019\u00e9valuer le chronogramme \u00e9tabli par la junte au pouvoir. Finalement les trois ans annonc\u00e9s en mai dernier ne seront plus d\u2019actualit\u00e9.<\/p>\n<p>Le Pr\u00e9sident de la Transition Mamady Doumbouya, a re\u00e7u au soir du vendredi 21 octobre 2022, les experts et le m\u00e9diateur de la CEDEAO, l\u2019ex dirigeant B\u00e9ninois Yayi Boni. Pour l\u2019occasion il \u00e9tait accompagn\u00e9 de ses relais locaux : les facilitatrices du cadre de dialogue national inclusif inter-guin\u00e9en.<\/p>\n<p>Toute la semaine, la d\u00e9l\u00e9gation de la CEDEAO a proc\u00e9d\u00e9 \u00e0 l\u2019\u00e9valuation technique du chronogramme de 36 mois auquel tenait mordicus le r\u00e9gime actuel de Conakry. Apr\u00e8s le compte-rendu et les conclusions des travaux des experts de l\u2019organisation r\u00e9gionale et ceux de la Guin\u00e9e, une dur\u00e9e de 24 mois a \u00e9t\u00e9  \u00e9tablie : elle prend effet \u00e0 partir du 1er janvier 2023.<\/p>\n<p>D\u00e9lai accept\u00e9 par le Pr\u00e9sident de la Transition qui s\u2019est r\u00e9joui que les travaux aient pris en compte les aspirations l\u00e9gitimes du Peuple et la politique g\u00e9n\u00e9rale inscrite dans la charte de la Transition. Un accord concert\u00e9 ax\u00e9 sur 10 points parmi lesquels : l\u2019adoption d\u2019une nouvelle constitution, la revue du fichier \u00e9lectoral et l\u2019organisation des \u00e9lections g\u00e9n\u00e9rales.<\/p>\n<p>Une \u00e9pine dans le pied de la CEDEAO<\/p>\n<p>L\u2019occasion fut mise \u00e0 profit par le Colonel Mamady Doumbouya, de f\u00e9liciter ses compatriotes pour la r\u00e9silience face aux difficult\u00e9s et a tendu sa main \u00e0 la classe politique pour un retour au cadre d\u2019\u00e9changes.<\/p>\n<p>Une \u00e9pine dans le pied de la CEDEAO alors que le gouvernement vient de suspendre les \u00e9changes avec la classe politique, dont les poids lourds refusent de s\u2019asseoir \u00e0 la table des n\u00e9gociations. D\u00e9licat dossier en vue pour le m\u00e9diateur Yayi Boni apr\u00e8s avoir gagn\u00e9 la bataille du d\u00e9lai de transition.<\/p>\n<p>Il convient de rappeler que Conakry avait jusqu\u2019au 22 octobre pour se prononcer sur une dur\u00e9e de 24 mois au risque d\u2019ouvrir la voie \u00e0 des sanctions \u00e9conomiques et diplomatiques.<\/p>\n<p>Par Idrissa Keita, Correspondant &#8211;<br \/>\nhttps:\/\/afrimag.net\/uinee-accord-de-24-mois-avec-la-cedeao-pour-la-transition\/?utm_source=mailpoet&#038;utm_medium=email&#038;utm_campaign=newsletter<\/p>\n","protected":false},"excerpt":{"rendered":"<p>Une mission de la CEDEAO a s\u00e9journ\u00e9 \u00e0 Conakry afin d\u2019\u00e9valuer le chronogramme \u00e9tabli par la junte au pouvoir. Finalement les trois ans annonc\u00e9s en mai dernier ne seront plus d\u2019actualit\u00e9. Le Pr\u00e9sident de la Transition Mamady Doumbouya, a re\u00e7u au soir du vendredi 21 octobre 2022, les experts et le m\u00e9diateur de la CEDEAO, &hellip;<\/p>\n","protected":false},"author":2,"featured_media":2604,"comment_status":"open","ping_status":"open","sticky":false,"template":"","format":"standard","meta":{"footnotes":""},"categories":[18,29],"tags":[],"class_list":["post-2602","post","type-post","status-publish","format-standard","has-post-thumbnail","hentry","category-actualites","category-monde"],"_links":{"self":[{"href":"https:\/\/ladepeche.mr\/index.php?rest_route=\/wp\/v2\/posts\/2602","targetHints":{"allow":["GET"]}}],"collection":[{"href":"https:\/\/ladepeche.mr\/index.php?rest_route=\/wp\/v2\/posts"}],"about":[{"href":"https:\/\/ladepeche.mr\/index.php?rest_route=\/wp\/v2\/types\/post"}],"author":[{"embeddable":true,"href":"https:\/\/ladepeche.mr\/index.php?rest_route=\/wp\/v2\/users\/2"}],"replies":[{"embeddable":true,"href":"https:\/\/ladepeche.mr\/index.php?rest_route=%2Fwp%2Fv2%2Fcomments&post=2602"}],"version-history":[{"count":2,"href":"https:\/\/ladepeche.mr\/index.php?rest_route=\/wp\/v2\/posts\/2602\/revisions"}],"predecessor-version":[{"id":2605,"href":"https:\/\/ladepeche.mr\/index.php?rest_route=\/wp\/v2\/posts\/2602\/revisions\/2605"}],"wp:featuredmedia":[{"embeddable":true,"href":"https:\/\/ladepeche.mr\/index.php?rest_route=\/wp\/v2\/media\/2604"}],"wp:attachment":[{"href":"https:\/\/ladepeche.mr\/index.php?rest_route=%2Fwp%2Fv2%2Fmedia&parent=2602"}],"wp:term":[{"taxonomy":"category","embeddable":true,"href":"https:\/\/ladepeche.mr\/index.php?rest_route=%2Fwp%2Fv2%2Fcategories&post=2602"},{"taxonomy":"post_tag","embeddable":true,"href":"https:\/\/ladepeche.mr\/index.php?rest_route=%2Fwp%2Fv2%2Ftags&post=2602"}],"curies":[{"name":"wp","href":"https:\/\/api.w.org\/{rel}","templated":true}]}}