{"id":2608,"date":"2022-10-25T11:43:30","date_gmt":"2022-10-25T11:43:30","guid":{"rendered":"https:\/\/ladepeche.mr\/?p=2608"},"modified":"2022-10-25T11:45:56","modified_gmt":"2022-10-25T11:45:56","slug":"africa-eco-race-les-participants-rallient-la-mauritanie-apres-une-escale-a-dakhla","status":"publish","type":"post","link":"https:\/\/ladepeche.mr\/?p=2608","title":{"rendered":"Africa Eco Race : les participants rallient la Mauritanie apr\u00e8s une escale \u00e0 Dakhla"},"content":{"rendered":"<p>Les participants \u00e0 la 14\u00e8me \u00e9dition du Rallye Africa Eco Race, qui relie Monaco \u00e0 Dakar, reprennent lundi leur course vers la ville de Chami, en Mauritanie, apr\u00e8s une escale samedi soir \u00e0 Dakhla.<\/p>\n<p>Ils ont parcouru cinq \u00e9tapes au Maroc, la premi\u00e8re reliant Nador et Bousaid (605 km), la deuxi\u00e8me Bousaid et Tagounite (466 km), la troisi\u00e8me Tagounite et Assa (526 km) et la quatri\u00e8me reliant Assa et Es-Smara (455 km), tandis que la cinqui\u00e8me \u00e9tape s\u2019est d\u00e9roul\u00e9e entre Es-Smara et Dakhla (691 km).<\/p>\n<p>Les participants se dirigeront ensuite vers la Mauritanie (6 \u00e9tapes) puis le S\u00e9n\u00e9gal (derni\u00e8re \u00e9tape).<\/p>\n<p>Cette ann\u00e9e, le Rallye, qui se d\u00e9roule du 15 au 30 octobre, compte 400 participants et 212 v\u00e9hicules arriv\u00e9s au port Tanger Med, et ce pour prendre part au Rallye dans ses quatre cat\u00e9gories, \u00e0 savoir les motos, les v\u00e9hicules quatre roues motrices (4\u00d74), les engins \u00e0 mi-chemin entre le buggy et le quad (SSV) et les camions.<\/p>\n<p>Cette 14\u00e8me \u00e9dition qui conna\u00eet la participation de 30 nationalit\u00e9s et 5 continents, se d\u00e9roule sur le continent africain et s\u2019\u00e9tale sur une distance de plus de 6.500 km, avec un changement de 50% dans le parcours par rapport \u00e0 l\u2019\u00e9dition pr\u00e9c\u00e9dente.<\/p>\n<p>Les participants ont v\u00e9cu des forts moments durant ce p\u00e9riple, d\u2019autant plus que la concurrence \u00e9tait rude dans les diff\u00e9rentes \u00e9tapes, a assur\u00e9 le directeur du rallye, Jean-Louis Schlesser.<br \/>\nLabass via cridem<\/p>\n","protected":false},"excerpt":{"rendered":"<p>Les participants \u00e0 la 14\u00e8me \u00e9dition du Rallye Africa Eco Race, qui relie Monaco \u00e0 Dakar, reprennent lundi leur course vers la ville de Chami, en Mauritanie, apr\u00e8s une escale samedi soir \u00e0 Dakhla. Ils ont parcouru cinq \u00e9tapes au Maroc, la premi\u00e8re reliant Nador et Bousaid (605 km), la deuxi\u00e8me Bousaid et Tagounite (466 &hellip;<\/p>\n","protected":false},"author":2,"featured_media":2611,"comment_status":"open","ping_status":"open","sticky":false,"template":"","format":"standard","meta":{"footnotes":""},"categories":[18,29,17],"tags":[],"class_list":["post-2608","post","type-post","status-publish","format-standard","has-post-thumbnail","hentry","category-actualites","category-monde","category-sports"],"_links":{"self":[{"href":"https:\/\/ladepeche.mr\/index.php?rest_route=\/wp\/v2\/posts\/2608","targetHints":{"allow":["GET"]}}],"collection":[{"href":"https:\/\/ladepeche.mr\/index.php?rest_route=\/wp\/v2\/posts"}],"about":[{"href":"https:\/\/ladepeche.mr\/index.php?rest_route=\/wp\/v2\/types\/post"}],"author":[{"embeddable":true,"href":"https:\/\/ladepeche.mr\/index.php?rest_route=\/wp\/v2\/users\/2"}],"replies":[{"embeddable":true,"href":"https:\/\/ladepeche.mr\/index.php?rest_route=%2Fwp%2Fv2%2Fcomments&post=2608"}],"version-history":[{"count":1,"href":"https:\/\/ladepeche.mr\/index.php?rest_route=\/wp\/v2\/posts\/2608\/revisions"}],"predecessor-version":[{"id":2609,"href":"https:\/\/ladepeche.mr\/index.php?rest_route=\/wp\/v2\/posts\/2608\/revisions\/2609"}],"wp:featuredmedia":[{"embeddable":true,"href":"https:\/\/ladepeche.mr\/index.php?rest_route=\/wp\/v2\/media\/2611"}],"wp:attachment":[{"href":"https:\/\/ladepeche.mr\/index.php?rest_route=%2Fwp%2Fv2%2Fmedia&parent=2608"}],"wp:term":[{"taxonomy":"category","embeddable":true,"href":"https:\/\/ladepeche.mr\/index.php?rest_route=%2Fwp%2Fv2%2Fcategories&post=2608"},{"taxonomy":"post_tag","embeddable":true,"href":"https:\/\/ladepeche.mr\/index.php?rest_route=%2Fwp%2Fv2%2Ftags&post=2608"}],"curies":[{"name":"wp","href":"https:\/\/api.w.org\/{rel}","templated":true}]}}