{"id":2612,"date":"2022-10-25T13:45:09","date_gmt":"2022-10-25T13:45:09","guid":{"rendered":"https:\/\/ladepeche.mr\/?p=2612"},"modified":"2022-10-26T12:36:51","modified_gmt":"2022-10-26T12:36:51","slug":"un-colloque-international-organise-en-france-en-lhonneur-du-professeur-mohamed-mahmoud-ould-mohamed-salah","status":"publish","type":"post","link":"https:\/\/ladepeche.mr\/?p=2612","title":{"rendered":"Un Colloque international organis\u00e9 en France en l\u2019honneur du Professeur Mohamed Mahmoud ould Mohamed Salah"},"content":{"rendered":"<p>\u00c0 l\u2019initiative du Centre de recherches de l\u2019universit\u00e9 de Franche- Comt\u00e9, plusieurs universit\u00e9s et centres de recherches de divers pays co-organisent, le 1er d\u00e9cembre prochain, \u00e0 Besan\u00e7on un colloque international en l\u2019honneur du Professeur Mohamed Mahmoud Mohamed Salah sur le th\u00e8me: \u00ab  Droits de l\u2019homme et droit du commerce international: du conflit \u00e0 l\u2019apaisement \u00bb Il s\u2019agit d\u2019un hommage scientifique pour la contribution des \u00e9crits du Professeur au d\u00e9veloppement du droit.<br \/>\nLe th\u00e8me du colloque s\u2019inscrit dans le prolongement de la r\u00e9flexion ouverte par le livre du professeur sur \u00ab L\u2019irruption des droits de l\u2019homme dans l\u2019ordre \u00e9conomique international : mythe ou r\u00e9alit\u00e9 ? \u00bb ( Paris, LGDJ lextenso, 2012)<br \/>\nLe colloque sera \u00e0 la fois en pr\u00e9sentiel et en diffusion simultan\u00e9e via Zoom<br \/>\nLes informations relatives au programme et  aux inscriptions au colloque sont sur le site internet du CRJFC<\/p>\n<p><strong>VISIOCONF\u00c9RENCE<\/strong>:<\/p>\n<p>Il est possible de participer \u00e0 la r\u00e9union Zoom- Colloque international, Droits de l&#8217;Homme et droit du commerce international : date : 1 d\u00e9c. 2022 08:30 AM Paris :<\/p>\n<p>https:\/\/zoom.us\/j\/93450595644?pwd=d0dvWDZENFYvenlidXhPRDBDZlJ4UT09<br \/>\nID de r\u00e9union : 934 5059 5644<br \/>\nCode secret : 4sgrdc<\/p>\n","protected":false},"excerpt":{"rendered":"<p>\u00c0 l\u2019initiative du Centre de recherches de l\u2019universit\u00e9 de Franche- Comt\u00e9, plusieurs universit\u00e9s et centres de recherches de divers pays co-organisent, le 1er d\u00e9cembre prochain, \u00e0 Besan\u00e7on un colloque international en l\u2019honneur du Professeur Mohamed Mahmoud Mohamed Salah sur le th\u00e8me: \u00ab Droits de l\u2019homme et droit du commerce international: du conflit \u00e0 l\u2019apaisement \u00bb &hellip;<\/p>\n","protected":false},"author":2,"featured_media":2614,"comment_status":"open","ping_status":"open","sticky":false,"template":"","format":"standard","meta":{"footnotes":""},"categories":[18,15,25,29],"tags":[],"class_list":["post-2612","post","type-post","status-publish","format-standard","has-post-thumbnail","hentry","category-actualites","category-culture","category-en-forme","category-monde"],"_links":{"self":[{"href":"https:\/\/ladepeche.mr\/index.php?rest_route=\/wp\/v2\/posts\/2612","targetHints":{"allow":["GET"]}}],"collection":[{"href":"https:\/\/ladepeche.mr\/index.php?rest_route=\/wp\/v2\/posts"}],"about":[{"href":"https:\/\/ladepeche.mr\/index.php?rest_route=\/wp\/v2\/types\/post"}],"author":[{"embeddable":true,"href":"https:\/\/ladepeche.mr\/index.php?rest_route=\/wp\/v2\/users\/2"}],"replies":[{"embeddable":true,"href":"https:\/\/ladepeche.mr\/index.php?rest_route=%2Fwp%2Fv2%2Fcomments&post=2612"}],"version-history":[{"count":1,"href":"https:\/\/ladepeche.mr\/index.php?rest_route=\/wp\/v2\/posts\/2612\/revisions"}],"predecessor-version":[{"id":2613,"href":"https:\/\/ladepeche.mr\/index.php?rest_route=\/wp\/v2\/posts\/2612\/revisions\/2613"}],"wp:featuredmedia":[{"embeddable":true,"href":"https:\/\/ladepeche.mr\/index.php?rest_route=\/wp\/v2\/media\/2614"}],"wp:attachment":[{"href":"https:\/\/ladepeche.mr\/index.php?rest_route=%2Fwp%2Fv2%2Fmedia&parent=2612"}],"wp:term":[{"taxonomy":"category","embeddable":true,"href":"https:\/\/ladepeche.mr\/index.php?rest_route=%2Fwp%2Fv2%2Fcategories&post=2612"},{"taxonomy":"post_tag","embeddable":true,"href":"https:\/\/ladepeche.mr\/index.php?rest_route=%2Fwp%2Fv2%2Ftags&post=2612"}],"curies":[{"name":"wp","href":"https:\/\/api.w.org\/{rel}","templated":true}]}}