{"id":2624,"date":"2022-10-26T12:40:34","date_gmt":"2022-10-26T12:40:34","guid":{"rendered":"https:\/\/ladepeche.mr\/?p=2624"},"modified":"2022-10-26T12:41:16","modified_gmt":"2022-10-26T12:41:16","slug":"communique-de-presse-du-centre-hospitalier-national-a-nouakchott","status":"publish","type":"post","link":"https:\/\/ladepeche.mr\/?p=2624","title":{"rendered":"Communiqu\u00e9 de presse du Centre hospitalier national \u00e0 Nouakchott"},"content":{"rendered":"<p>Nous avons \u00e9t\u00e9 surpris, \u00e0 l\u2019Administration G\u00e9n\u00e9rale du Centre Hospitalier National, d\u2019un communiqu\u00e9 publi\u00e9 sur certains sites au nom des m\u00e9decins traitants en service des urgences du Centre hospitalier national, sans mentionner les noms des signataires de cette d\u00e9claration, dont les propri\u00e9taires ont affirm\u00e9 s\u2019\u00eatre mis en gr\u00e8ve en signe de solidarit\u00e9 avec un coll\u00e8gue qui est tomb\u00e9 malade et n\u2019a pas trouv\u00e9 la sympathie de l\u2019administration.<br \/>\nPar cons\u00e9quent, nous, dans l\u2019administration, voudrions apporter les points de clarification suivants pour \u00e9difier l\u2019opinion publique.<br \/>\n\u2013 En premier lieu, l\u2019Administration G\u00e9n\u00e9rale renouvelle son enti\u00e8re solidarit\u00e9 avec ledit m\u00e9decin<br \/>\nDans le communiqu\u00e9, elle lui souhaite un prompt r\u00e9tablissement complet.<br \/>\nL\u2019administration confirme avoir demand\u00e9 aux coll\u00e8gues du m\u00e9decin pr\u00e9cit\u00e9 de lui fournir la facture qu\u2019elle devrait payer et prendre en charge toutes ses d\u00e9penses, elle est toujours dans la m\u00eame position, mais elle n\u2019a pas re\u00e7u de r\u00e9ponse \u00e0 sa demande et certains de ses membres ont m\u00eame rendu visite au m\u00e9decin traitant dans les urgences pour s\u2019enqu\u00e9rir de son \u00e9tat de sant\u00e9.<br \/>\n\u2013 L\u2019administration du Centre l\u2019H\u00f4pital National n\u2019est pas li\u00e9e par un contrat de travail avec ledit m\u00e9decin ou avec l\u2019un de ses confr\u00e8res hormis une seule personne.<br \/>\n\u2013 L\u2019administration souligne qu\u2019elle a refus\u00e9 et refuse toujours la demande de contournement des m\u00e9decins du r\u00e8glement en inscrivant le nom de leur coll\u00e8gue sur la liste des participants alors qu\u2019il n\u2019est pas pr\u00e9sent.<br \/>\n\u2013 L\u2019administration confirme que la gr\u00e8ve a des proc\u00e9dures l\u00e9gales \u00e0 suivre et l\u2019administration n\u2019a pas eu une notification jusqu\u2019\u00e0 pr\u00e9sent de la gr\u00e8ve susmentionn\u00e9e, et dans toutes les lois nationales et internationales, Organisation d\u2019une gr\u00e8ve des travailleurs de la sant\u00e9, \u00e0 l\u2019exception des services des urgences.<br \/>\nEnfin, nous confirmons, \u00e0 l\u2019Administration G\u00e9n\u00e9rale du Centre l\u2019H\u00f4pital National, que le Service des urgences fonctionne 24 heures sur 24 de mani\u00e8re naturelle et r\u00e9guli\u00e8re et il a \u00e9t\u00e9 renforc\u00e9 par des m\u00e9decins, fonctionnaires envoy\u00e9s par le minist\u00e8re de la Sant\u00e9.<br \/>\nL\u2019Administration G\u00e9n\u00e9rale<\/p>\n","protected":false},"excerpt":{"rendered":"<p>Nous avons \u00e9t\u00e9 surpris, \u00e0 l\u2019Administration G\u00e9n\u00e9rale du Centre Hospitalier National, d\u2019un communiqu\u00e9 publi\u00e9 sur certains sites au nom des m\u00e9decins traitants en service des urgences du Centre hospitalier national, sans mentionner les noms des signataires de cette d\u00e9claration, dont les propri\u00e9taires ont affirm\u00e9 s\u2019\u00eatre mis en gr\u00e8ve en signe de solidarit\u00e9 avec un coll\u00e8gue &hellip;<\/p>\n","protected":false},"author":2,"featured_media":0,"comment_status":"open","ping_status":"open","sticky":false,"template":"","format":"standard","meta":{"footnotes":""},"categories":[18,27,19],"tags":[],"class_list":["post-2624","post","type-post","status-publish","format-standard","hentry","category-actualites","category-sante","category-tribune"],"_links":{"self":[{"href":"https:\/\/ladepeche.mr\/index.php?rest_route=\/wp\/v2\/posts\/2624","targetHints":{"allow":["GET"]}}],"collection":[{"href":"https:\/\/ladepeche.mr\/index.php?rest_route=\/wp\/v2\/posts"}],"about":[{"href":"https:\/\/ladepeche.mr\/index.php?rest_route=\/wp\/v2\/types\/post"}],"author":[{"embeddable":true,"href":"https:\/\/ladepeche.mr\/index.php?rest_route=\/wp\/v2\/users\/2"}],"replies":[{"embeddable":true,"href":"https:\/\/ladepeche.mr\/index.php?rest_route=%2Fwp%2Fv2%2Fcomments&post=2624"}],"version-history":[{"count":1,"href":"https:\/\/ladepeche.mr\/index.php?rest_route=\/wp\/v2\/posts\/2624\/revisions"}],"predecessor-version":[{"id":2625,"href":"https:\/\/ladepeche.mr\/index.php?rest_route=\/wp\/v2\/posts\/2624\/revisions\/2625"}],"wp:attachment":[{"href":"https:\/\/ladepeche.mr\/index.php?rest_route=%2Fwp%2Fv2%2Fmedia&parent=2624"}],"wp:term":[{"taxonomy":"category","embeddable":true,"href":"https:\/\/ladepeche.mr\/index.php?rest_route=%2Fwp%2Fv2%2Fcategories&post=2624"},{"taxonomy":"post_tag","embeddable":true,"href":"https:\/\/ladepeche.mr\/index.php?rest_route=%2Fwp%2Fv2%2Ftags&post=2624"}],"curies":[{"name":"wp","href":"https:\/\/api.w.org\/{rel}","templated":true}]}}