{"id":2628,"date":"2022-10-26T19:49:32","date_gmt":"2022-10-26T19:49:32","guid":{"rendered":"https:\/\/ladepeche.mr\/?p=2628"},"modified":"2022-10-26T19:53:02","modified_gmt":"2022-10-26T19:53:02","slug":"au-conseil-des-ministres-approbation-du-projet-de-loi-autorisant-la-ratification-de-la-convention-de-lunion-africaine-sur-le-cyber-securite-et-la-protection-des-donnees-a-caractere-personne","status":"publish","type":"post","link":"https:\/\/ladepeche.mr\/?p=2628","title":{"rendered":"Au conseil des Ministres : Approbation du projet de loi autorisant la ratification de la convention de l\u2019Union Africaine sur le cyber s\u00e9curit\u00e9 et la protection des donn\u00e9es \u00e0 caract\u00e8re personnel"},"content":{"rendered":"<p>Le Conseil des Ministres s\u2019est r\u00e9uni le mercredi 26 octobre 2022 sous la Pr\u00e9sidence de Son Excellence Monsieur le Pr\u00e9sident de la R\u00e9publique Mohamed Ould Cheikh El-Ghazouani.<\/p>\n<p>Le Conseil a examin\u00e9 et approuv\u00e9 le projet de loi autorisant la ratification de la convention de l\u2019Union Africaine sur la cybers\u00e9curit\u00e9 et la protection des donn\u00e9es \u00e0 caract\u00e8re personnel.<\/p>\n<p>La ratification de la convention de l\u2019Union Africaine sur la cybers\u00e9curit\u00e9 et la protection des donn\u00e9es \u00e0 caract\u00e8re personnel, dont nous sommes le 3\u00e8me pays signataire, le 26 f\u00e9vrier 2015, apr\u00e8s son adoption par la vingt-troisi\u00e8me session ordinaire de la conf\u00e9rence de l\u2019Union Africaine, le 27 juin 2014, \u00e0 Malabo, est le meilleur cadre r\u00e9gional de coop\u00e9ration dans ce domaine. En effet, quel que soit l\u2019arsenal juridique et l\u2019environnement institutionnel au niveau national, aucun pays, sans la coop\u00e9ration r\u00e9gionale et internationale, ne peut relever les d\u00e9fis relatifs \u00e0 la cybers\u00e9curit\u00e9 et la souverainet\u00e9 num\u00e9rique.<\/p>\n<p>Le Conseil a \u00e9galement examin\u00e9 et adopt\u00e9 le projet de d\u00e9cret portant nomination du Pr\u00e9sident et des membres du Conseil d\u2019Administration de l\u2019Acad\u00e9mie Diplomatique de Mauritanie.<\/p>\n<p>Le Ministre des Affaires Etrang\u00e8res, de la Coop\u00e9ration et des Mauritaniens de l\u2019Ext\u00e9rieur a pr\u00e9sent\u00e9 une communication relative \u00e0 la situation internationale.<\/p>\n<p>Le Ministre de l\u2019Int\u00e9rieur et de la D\u00e9centralisation, a pr\u00e9sent\u00e9 une communication relative \u00e0 la situation int\u00e9rieure.<\/p>\n<p>Enfin, le Conseil a pris les mesures individuelles suivantes :<\/p>\n<p>Minist\u00e8re de l\u2019Int\u00e9rieur et de la D\u00e9centralisation<\/p>\n<p>Cabinet du Ministre<\/p>\n<p>Charg\u00e9s de Mission<\/p>\n<p>\u2013 Ahmed Misk\u00e9 Ould Mohammed, Administrateur, pr\u00e9c\u00e9dement Hakem Tintane;<\/p>\n<p>\u2013 El Ghadhi Ould Ahmedou, Administrateur, pr\u00e9c\u00e9demment Hakem de Chami ;<\/p>\n<p>\u2013 Mouhamethen Ould Dah, Administrateur, pr\u00e9c\u00e9demment Hakem de Riyad ;<\/p>\n<p>\u2013 Mohamed Ould Cheikh Ould El Ghowth, Administrateur, pr\u00e9c\u00e9demment Hakem d\u2019Akjoujt;<\/p>\n<p>\u2013 Mohamed El Mokhtar Ould Babah, Administrateur, pr\u00e9c\u00e9demment Wali Moussaid du Hodh Echargui;<\/p>\n<p>\u2013 Ahm\u00e9dou Kakieh, Administrateur-Adjoint, pr\u00e9c\u00e9demment Hakem de Magthaa Lehjar ;<\/p>\n<p>\u2013 Sakho Amadou Abdellahi, Administrateur-Adjoint, pr\u00e9c\u00e9demment Hakem de Moudjeria.<\/p>\n<p>Conseillers<\/p>\n<p>\u2013 Mohamed El Kebir El Bechir, Administrateur, pr\u00e9c\u00e9demment Hakem de Bark\u00e9ol ;<\/p>\n<p>\u2013 Mohamed Val Bah Elbou, Administrateur, pr\u00e9c\u00e9demment Hakem de N\u2018Teikane ;<\/p>\n<p>\u2013 Lieutenant Colonel Mohamed Mahmoud Al Amana Amar Jewda ;<\/p>\n<p>\u2013 Mohamed El-Arabi Ould Mohamedna, Administrateur-Adjoint, pr\u00e9c\u00e9demment Wali Moussaid au Brakna ;<\/p>\n<p>\u2013 Mohamed Ould Sidi Abdallah, Professeur, pr\u00e9c\u00e9demment Directeur G\u00e9n\u00e9ral Adjoint de Direction G\u00e9n\u00e9rale de la Synth\u00e8se, des Affaires Politiques et des Libert\u00e9s Publiques.<\/p>\n<p>Attach\u00e9s au Cabinet<\/p>\n<p>\u2013 Mohamed Lemine Habib Teyib, Administrateur Auxiliaire, pr\u00e9c\u00e9demment Conseiller du Wali du Guidimagha charg\u00e9 des Affaires Administratives et Juridiques ;<\/p>\n<p>\u2013 Baba B\u00e9chir Mbodj, R\u00e9dacteur de l\u2019Administration G\u00e9n\u00e9rale, pr\u00e9c\u00e9demment Hakem Moussaid, Kob\u00e9ni ;<\/p>\n<p>\u2013 Zayed Ould Mbareck Al-Eid, Administrateur, pr\u00e9c\u00e9demment au m\u00eame minist\u00e8re ;<\/p>\n<p>\u2013 Al-Hadrami Mohamed Sambe Al-Abd, R\u00e9dacteur de l\u2019Administration G\u00e9n\u00e9rale, pr\u00e9c\u00e9demment Hakem Moussaid de Djigueni.<\/p>\n<p>Inspection interne<\/p>\n<p>Inspecteurs<\/p>\n<p>\u2013 Ahmah Allah Hamadi, Administrateur, pr\u00e9c\u00e9demment Hakem Moussaid de Bassiknou ;<\/p>\n<p>\u2013 Mohamed Salem Ahmadou, Administrateur, pr\u00e9c\u00e9demment Chef d\u2019Arrondissement de Lekhcheb ;<\/p>\n<p>\u2013 Al Batal Ould Abdel Kader, Administrateur Auxiliaire, pr\u00e9c\u00e9demment Chef de Service au m\u00eame Minist\u00e8re ;<\/p>\n<p>\u2013 Mbaye Ali Samba, Administrateur-Adjoint, pr\u00e9c\u00e9demment Directeur de Cabinet du Wali du Hodh El Gharbi ;<\/p>\n<p>\u2013 Moulay El Bechir Ould Moulay El Housseine, Administrateur, pr\u00e9c\u00e9demment au m\u00eame minist\u00e8re.<\/p>\n<p>Direction G\u00e9n\u00e9rale de la Synth\u00e8se, des Affaires Politiques et des Libert\u00e9s Publiques<\/p>\n<p>\u2013 Directeur G\u00e9n\u00e9ral : Dahman Ould Beirouk, Administrateur-Adjoint, pr\u00e9c\u00e9demment Directeur Administratif et Financier au m\u00eame minist\u00e8re ;<\/p>\n<p>\u2013 Directeur G\u00e9n\u00e9ral Adjoint : Al Hassen Isselmou Sweidatt, Administrateur, pr\u00e9c\u00e9demment Secr\u00e9taire G\u00e9n\u00e9ral de la Moughataa de Toujounine.<\/p>\n<p>Direction G\u00e9n\u00e9rale des Collectivit\u00e9s Territoriales<\/p>\n<p>\u2013 Directeur G\u00e9n\u00e9ral Adjoint : Abderrezzagh Bocar Djack, Administrateur, pr\u00e9c\u00e9demment au m\u00eame minist\u00e8re.<\/p>\n<p>Direction Administrative et Financi\u00e8re<\/p>\n<p>\u2013 Directeur : Sidi Abdelkader El Jeilani Ciss\u00e9, Ing\u00e9nieur, pr\u00e9c\u00e9demment Conseiller \u00e9conomique au m\u00eame minist\u00e8re.<\/p>\n<p>Direction de la Coop\u00e9ration, des Etudes et de la Programmation<\/p>\n<p>\u2013 Directrice adjointe : Chigali Bint Ahmadnah, Administrateur Auxiliaire, pr\u00e9c\u00e9demment Chef de Service au m\u00eame minist\u00e8re.<\/p>\n<p>Administration Territoriale<\/p>\n<p>Wilaya du Hodh Echargui<\/p>\n<p>Cabinet du Wali<\/p>\n<p>\u2013 Wali Moussaid : Mahfoud Had\u00e9mine Bouh, Administrateur, pr\u00e9c\u00e9demment Conseiller du Wali de Nouakchott Nord, charg\u00e9 des Affaires Administratives,<\/p>\n<p>\u2013 Conseiller du Wali charg\u00e9 des Affaires Economiques et du D\u00e9veloppement Local : Al Alem Ould Chmeda, Administrateur auxiliaire, pr\u00e9c\u00e9demment inspecteur au m\u00eame minist\u00e8re.<\/p>\n<p>Moughataa de Nema<\/p>\n<p>\u2013 Hakem : Bollahi Ould Sidi Mohamed, Administrateur, pr\u00e9c\u00e9demment Hakem de Sebkha,<\/p>\n<p>\u2013 Hakem Moussaid : Beibou Ould Moaouloud, R\u00e9dacteur de l\u2019Administration G\u00e9n\u00e9rale, Chef d\u2019Arrondissement de Fassala.<\/p>\n<p>Moughataa de Walata<\/p>\n<p>\u2013 Hakem : Mohamed Salem Ould Isselmou, Administrateur-Adjoint, pr\u00e9c\u00e9demment Conseiller du Wali au Hodh Echargui, charg\u00e9 des Affaires Economiques et du D\u00e9veloppement Local.<\/p>\n<p>Moughataa de Djigueni<\/p>\n<p>\u2013 Hakem Moussaid : Mohamed Yamehlou Sidi Ali, Administratif Auxiliaire, Hakem Moussaid de Babab\u00e9.<\/p>\n<p>Moughataa de Djigueni<\/p>\n<p>Arrondissement Aouinatt Zbel<\/p>\n<p>\u2013 Chef d\u2019Arrondissement : Mohamed Radhi Ould Sidi Ould Amar, R\u00e9dacteur de l\u2019Administration G\u00e9n\u00e9rale, pr\u00e9c\u00e9demment Hakem Moussaid de N\u00e9ma.<\/p>\n<p>Moughataa de Adel Bagrou<\/p>\n<p>\u2013 Hakem : Zein El Abidine Ould Cheikh, Administrateur, pr\u00e9c\u00e9demment Directeur G\u00e9n\u00e9ral Adjoint de la Direction G\u00e9n\u00e9rale des Collectivit\u00e9s Territoriales.<\/p>\n<p>Moughataa de Bassiknou<\/p>\n<p>\u2013 Hakem : Mohamed Salem Ahmed Beilel, Administrateur, pr\u00e9c\u00e9demment Hakem de Dar Naim,<\/p>\n<p>\u2013 Hakem Moussaid : Mohamed Issa Ould Nagi, Administrateur-Adjoint, pr\u00e9c\u00e9demment Chef d\u2019Arrondissement de Aoueinatt Zbel,<\/p>\n<p>\u2013 Arrondissement de Fassala : Chef d\u2019Arrondissement : Mohamed Salem Sidi Mohamed El Hadi, Administrateur, pr\u00e9c\u00e9demment Chef d\u2019Arrondissement Tifond\u00e9 Civ\u00e9.<\/p>\n<p>Moughataa de Timbedra<\/p>\n<p>Arrondissement Bousteila<\/p>\n<p>\u2013 Chef d\u2019Arrondissement : Ba Alfa Ibrahima, R\u00e9dacteur de l\u2019Administration G\u00e9n\u00e9rale, pr\u00e9c\u00e9demment Chef d\u2019Arrondissement de Tiguint.<\/p>\n<p>Wilaya du Hodh El Gharbi<\/p>\n<p>Cabinet du Wali<\/p>\n<p>\u2013 Wali Moussaid : Mohamed Abdallahi Cheikh sidiya, Administrateur, pr\u00e9c\u00e9demment Wali Moussaid de l\u2019Assaba,<\/p>\n<p>\u2013 Directeur cabinet du Wali : Mohamed Mahmoud Ould Cheikhna, Administrateur du Minist\u00e8re de l\u2019Int\u00e9rieur et de la D\u00e9centralisation.<\/p>\n<p>Moughataa d\u2019Aioun<\/p>\n<p>\u2013 Hakem : Mohamed Abdallahi Ahmedou Zein, Administrateur-Adjoint, pr\u00e9c\u00e9demment Hakem de Benichab,<\/p>\n<p>\u2013 Hakem Moussaid : Brahim Mohamed Ahmed Mohamed Tleimidi, Administrateur Auxiliaire, pr\u00e9c\u00e9demment au m\u00eame minist\u00e8re.<\/p>\n<p>Moughataa tintane<\/p>\n<p>\u2013 Hakem : Abdallahi Mohamed Limam, Administrateur, pr\u00e9c\u00e9demment Hakem de Aleg,<\/p>\n<p>\u2013 Hakem Moussaid : Mohamed Ali Coulibaly, Administrateur-Adjoint, pr\u00e9c\u00e9demment Chef d\u2019Arrondissement de Ain Farba.<\/p>\n<p>Arrondissement Ain Farba<\/p>\n<p>\u2013 Chef d\u2019Arrondissement : Ely Hemmed Yowgah, Administrateur, pr\u00e9c\u00e9demment Hakem Moussaid de Tintane.<\/p>\n<p>Moughataa Tamcheket<\/p>\n<p>\u2013 Hakem : Moulaye Ismail El Mourteji, Administrateur-Adjoint, pr\u00e9c\u00e9demment Hakem de Toujounine,<\/p>\n<p>\u2013 Hakem Moussaid : Moussa Abdallahi Mbaye, Administrateur-Adjoint, pr\u00e9c\u00e9demment Hakem Moussaid d\u2019Aleg.<\/p>\n<p>Moughataa de Kob\u00e9ni<\/p>\n<p>\u2013 Hakem : Mohamed Cheikh Ould Macir\u00e9, Administrateur-Adjoint, pr\u00e9c\u00e9demment Hakem de Bassiknou,<\/p>\n<p>\u2013 Hakem Moussaid : Ethmane Abdoulye Wane, Administrateur-Adjoint, pr\u00e9c\u00e9demment Hakem Moussaid de Tamchekett<\/p>\n<p>Wilaya de l\u2019Assaba<\/p>\n<p>\u2013 Wali Moussaid : Ba Aliyou Abderrahmane, Administrateur-Adjoint, pr\u00e9c\u00e9demment Wali Moussaid du Hodh El Gharbi.<\/p>\n<p>Cabinet du Wali<\/p>\n<p>\u2013 Conseiller du Wali charg\u00e9 des Affaires Administratives et Juridiques : Sidi Mohamed Sidatt, Administrateur-Auxiliaire, pr\u00e9c\u00e9demment Conseiller du Wali de Nouakchott Ouest, charg\u00e9 des Affaires Administratives et Juridiques,<\/p>\n<p>\u2013 Conseiller du Wali charg\u00e9 des Affaires Politiques et Sociales : Ahmed Jidou Ould Cheikh Tolba, Administrateur, pr\u00e9c\u00e9demment Secr\u00e9taire G\u00e9n\u00e9ral du Conseil R\u00e9gional du Hodh El Gharbi.<\/p>\n<p>Moughataa de Kiffa<\/p>\n<p>\u2013 Hakem : Mohamed Amadou Dia, Administrateur-Adjoint, pr\u00e9c\u00e9demment Hakem de N\u00e9ma.<\/p>\n<p>Moughtaa de Kankossa<\/p>\n<p>\u2013 Hakem : Cheikh Mohamed El Hassen Ould Amar Beyou, Administrateur, pr\u00e9c\u00e9demment Directeur de Cabinet du Wali de Dakhlet Nouadhibou.<\/p>\n<p>Moughataa de Bark\u00e9ol<\/p>\n<p>\u2013 Hakem : Al Hassen Sidna Ahmed Maloum, Administrateur, pr\u00e9c\u00e9demment Hakem de Gu\u00e9rou.<\/p>\n<p>Moughtaa de Gu\u00e9rou<\/p>\n<p>\u2013 Hakem sidi Mohamed Abdallahi, Administrateur-Adjoint, pr\u00e9c\u00e9demment Hakem de Teyarett.<\/p>\n<p>Wilaya du Gorgol<\/p>\n<p>Moughataa de Ka\u00e9di<\/p>\n<p>\u2013 Hakem : Mohamed Salem Ould Sellahi, Administrateur- Adjoint, pr\u00e9c\u00e9demment Hakem de Mbagne<\/p>\n<p>Moughataa de Monguel<\/p>\n<p>\u2013 Hakem : Mohamed Lemine Ould Mohamed Abderrahmane, Administrateur au Minist\u00e8re de l\u2019Interieur et de la D\u00e9centralisation,<\/p>\n<p>\u2013 Hakem Moussaid : Mohamed Mbareck Ould Houeibib, Administrateur, pr\u00e9c\u00e9demment D\u00e9l\u00e9gu\u00e9 R\u00e9gional de la D\u00e9centralisation a la Wilaya de l\u2019Adrar.<\/p>\n<p>Moughataa de Maghama<\/p>\n<p>\u2013 Hakem Moussaid : Sidi Mohamed Ould El Bou, Administrateur, pr\u00e9c\u00e9demment Hakem Moussaid de Bogh\u00e9.<\/p>\n<p>Moughataa de lekseiba<\/p>\n<p>\u2013 Hakem : Ely Cheikh Abdallahi Oumar, Administrateur-Adjoint, pr\u00e9c\u00e9demment Hakem de Monguel,<\/p>\n<p>Moughataa de Ka\u00e9di<\/p>\n<p>Arrondissement de Tifond\u00e9 Civ\u00e9<\/p>\n<p>\u2013 Chef d\u2019Arrondissement : Mohamed Mahmoud Ould Doua, Administrateur, pr\u00e9c\u00e9demment Secr\u00e9taire G\u00e9n\u00e9ral du Conseil R\u00e9gional du Tagant.<\/p>\n<p>Wilaya du Brakna<\/p>\n<p>\u2013 Wali Moussaid : Mohamed Abdel Vettah Ould Mohamed Abderrahmane, Administrateur, pr\u00e9c\u00e9demment Directeur de cabinet du Wali de Tiris Zemmour.<\/p>\n<p>Moughataa d\u2019Aleg<\/p>\n<p>\u2013 Hakem : Abdel Kader Teyeb, Administraeur, pr\u00e9c\u00e9demment Hakem de Rosso,<\/p>\n<p>\u2013 Hakem Moussaid : Ali Badara Amadou Niang, Administrateur-Adjoint, pr\u00e9c\u00e9demment Hakem Moussaid de Maghta Lahjar.<\/p>\n<p>Moughataa de Maghta Lahjar<\/p>\n<p>\u2013 Hakem : Mohamed Al Moctar Mohamed Mohamedou Ishagh, Administrateur, pr\u00e9c\u00e9demment Hakem de Kankossa,<\/p>\n<p>\u2013 Hakem Moussaid : Abdoulaye Modo Gu\u00e8ye, Administrateur-Adjoint, pr\u00e9c\u00e9demment Hakem Adjoint d\u2019Aioun.<\/p>\n<p>Moughataa de Babab\u00e9<\/p>\n<p>\u2013 Hakem : Djim\u00e9 Mamadou Coulibaly, Administrateur-Adjoint, pr\u00e9c\u00e9demment Hakem Moussaid de Boutilimitt,<\/p>\n<p>\u2013 Hakem Moussaid : Mohamed Abdallahi Abderrahmane, Administrateur-Adjoint, pr\u00e9c\u00e9demment Hakem Moussaid de Mbagne.<\/p>\n<p>Moughataa de Mbagne<\/p>\n<p>\u2013 Hakem : Ahmed Mahmoud Mohamed El Mamy Enneyssane : Administrateur Adjoint, pr\u00e9c\u00e9demment Hakem de Ould Yeng\u00e9,<\/p>\n<p>\u2013 Hakem Moussaid : El Housseine Ould Sideini, Administrateur Auxiliaire, pr\u00e9c\u00e9demment Directeur Adjoint de la Direction de la Coop\u00e9ration, des Etudes et de la Programmation<\/p>\n<p>Moughataa de Bogh\u00e9<\/p>\n<p>\u2013 Hakem : El Moctar Mbareck Ahmed Cheikh, Administrateur-Adjoint, pr\u00e9c\u00e9demment Hakem d\u2019El Mina,<\/p>\n<p>\u2013 Hakem Moussaid : Yehevdhou Ould Mohamed Mahmoud, Administrateur-Adjoint, pr\u00e9c\u00e9demment Secr\u00e9taire G\u00e9n\u00e9ral de la Moughataa de Ryad.<\/p>\n<p>Arrondissement Dar El Barka<\/p>\n<p>\u2013 Chef d\u2019Arrondissement : B\u00e9gniouk Ould Ahmed Benan, Administrateur -Adjoint, pr\u00e9c\u00e9demment Chef d\u2019Arrondissement de Boustela.<\/p>\n<p>Wilaya du Trarza<\/p>\n<p>Moughataa de Rosso<\/p>\n<p>\u2013 Hakem : Ahmed Ould Mohamed Abderrahmane Ould Eminou, Administrateur, pr\u00e9c\u00e9demment Hakem Tevragh Zeina<\/p>\n<p>Moughtaa de Keur Mac\u00e8ne<\/p>\n<p>\u2013 Hakem: Mohamed Lemine Ould Abdel Kader, Administrateur, pr\u00e9c\u00e9demment Hakem de Ghabou.<\/p>\n<p>Moughataa de Boutilimit<\/p>\n<p>\u2013 Hakem : Mohamedahid Ould Sidi Yahya, Administrateur, pr\u00e9c\u00e9demment Hakem de Bogh\u00e9,<\/p>\n<p>\u2013 Hakem moussaid : Mohammed Abderrahmane Al-Habib, R\u00e9dacteur de l\u2019Administration G\u00e9n\u00e9rale, pr\u00e9c\u00e9demment Hakem Moussaid de Monguel.<\/p>\n<p>Moughataa de N\u2019Teikane<\/p>\n<p>\u2013 Hakem : Mohamed Yeslem Ould Bouh, Administrateur, pr\u00e9c\u00e9demment Hakem de Tamchekett.<\/p>\n<p>Moughata de Mederdra<\/p>\n<p>Arrondissement Tiguint<\/p>\n<p>\u2013 Chef d\u2019Arrondissement : Isselmou Salem Ely Salem, R\u00e9dacteur de l\u2019Administration G\u00e9n\u00e9rale, pr\u00e9c\u00e9demment Chef d\u2019Arrondissement de Dar El Barka.<\/p>\n<p>Wilaya de l\u2019Adrar<\/p>\n<p>\u2013 Cabinet du Wali : Conseiller du Wali charg\u00e9 des Affaires Politiques et Sociales : Mohamed Ould Sid Ahmed Ely, Administrateur Auxiliaire au Minist\u00e8re de l\u2019Int\u00e9rieur et de la D\u00e9centralisation.<\/p>\n<p>Moughataa d\u2019Atar<\/p>\n<p>\u2013 Hakem : Mohamed Said Bakili, Administrateur, pr\u00e9c\u00e9demment Hakem d\u2019Aioun.<\/p>\n<p>Moughataa d\u2019Aoujeft<\/p>\n<p>\u2013 Hakem : Mohamedou Mohamed Sidi El Moctar, Administrateur Auxiliaire, pr\u00e9c\u00e9demment Hakem de Babab\u00e9.<\/p>\n<p>Moughataa de Wadane<\/p>\n<p>\u2013 Hakem : Jelila Mint Maalame, Administrateur, pr\u00e9c\u00e9demment Hakem de Boutilimit.<\/p>\n<p>Wilaya Dakhlet Nouadhiibou<\/p>\n<p>Cabinet du Wali<\/p>\n<p>\u2013 Directeur du Cabinet : Mohamedou Moulaye Beydi, Administrateur, pr\u00e9c\u00e9demment Directeur de Cabinet du Wali du Tagant.<\/p>\n<p>Moughataa de Nouadhibou<\/p>\n<p>\u2013 Hakem Moussaid : Lemana Ould Cheikhna, Administrateur au Minist\u00e8re de l\u2019Int\u00e9rieur et de la D\u00e9centralisation<\/p>\n<p>Moughataa de Chami<\/p>\n<p>\u2013 Hakem : Mohamed Mahmoud Sid Mohamed, Administrateur, pr\u00e9c\u00e9demment Hakem d\u2019Aoujeft.<\/p>\n<p>Wilaya du Tagant<\/p>\n<p>Cabinet du Wali<\/p>\n<p>\u2013 Directeur du cabinet : Moctar Ahmed Babe, Administrateur, pr\u00e9c\u00e9demment, Conseiller charg\u00e9 des Affaires politiques et sociales,<\/p>\n<p>\u2013 Conseiller charg\u00e9 des Affaires Politiques et Sociales : Mohamed Ahmed Ould Mohamed Mahmoud, Administratif Auxiliaire au Minist\u00e8re de l\u2019Int\u00e9rieur et de la D\u00e9centralisation.<\/p>\n<p>Moughataa de Tidjikja<\/p>\n<p>\u2013 Hakem : Mohamed Lemine Ould Zeine, Administrateur, pr\u00e9c\u00e9demment Hakem de Lekseiba<\/p>\n<p>Arrondissement Errachid,<\/p>\n<p>\u2013 Chef d\u2019Arrondissement: Mohamed Sidi, Administrateur, pr\u00e9c\u00e9demment Hakem Moussaid de Moudjeria.<\/p>\n<p>Moughata de Moudjeria<\/p>\n<p>\u2013 Hakem : Mohamed Yahya Ould Abdel Wahab, Administrateur-Adjoint, pr\u00e9c\u00e9demment Hakem Moussaid de Nouadhibou,<\/p>\n<p>\u2013 Hakem Moussaid : Jaavar Mohamed Mahmoud, Administrateur Axiliaire, pr\u00e9c\u00e9demment Secr\u00e9taire G\u00e9n\u00e9ral de la Moughataa d\u2019Aioun.<\/p>\n<p>Moughataa de Tichit<\/p>\n<p>Arrondissement de Lekhcheb<\/p>\n<p>\u2013 Chef d\u2019Arrondissement : Beddou Ould Ahmed, Administrateur-Adjoint, pr\u00e9c\u00e9demment Chef d\u2019Arrondissement de Rachid.<\/p>\n<p>Wilaya du Guidimagha<\/p>\n<p>Cabinet du Wali<\/p>\n<p>\u2013 Conseiller charge des Affaires Administratives et Juridiques : Mohamed Salem Sidi Mohamed Maaloum, Administrateur Adjoint, pr\u00e9c\u00e9demment Hakem Moussaid de Maghama,<\/p>\n<p>Moughataa de Ghabou<\/p>\n<p>\u2013 Hakem : Cheikh Sid\u2019Ahmed Ould Sidi Mahjoub, Administrateur, pr\u00e9c\u00e9demment Conseiller du Wali de l\u2019Assaba, charg\u00e9 des Affaires Economiques et du D\u00e9veloppement Local.<\/p>\n<p>Moughatta de Ould Yeng\u00e9<\/p>\n<p>\u2013 Hakem : Mohamed Horma Ahmed Kassem, Administrateur, pr\u00e9c\u00e9demment Hakem de Ouadane.<\/p>\n<p>Wilaya du Tiris Zemmour<\/p>\n<p>Cabinet du Wali<\/p>\n<p>\u2013 Directeur de Cabinet : Cheikh Ould Bilal, Administrateur, pr\u00e9c\u00e9demment Conseiller charg\u00e9 des Affaires Politiques et Sociales du Wali de l\u2019Adrar.<\/p>\n<p>-Wilaya de l\u2019Inchiri<\/p>\n<p>\u2013 Wali Moussaid : Cheikhany Bellahi Bouh, Administrateur, pr\u00e9c\u00e9demment Directeur de Cabinet du Wali de Nouakchott Nord.<\/p>\n<p>Moughataa d\u2019Akjoujt<\/p>\n<p>\u2013 Hakem : Lebat Ould Moctar, Administrateur, pr\u00e9c\u00e9demment Hakem de Ka\u00e9di.<\/p>\n<p>Moughataa de Bennichab<\/p>\n<p>\u2013 Hakem : Khattari Sidi Mohamed El Kharchi, Administrateur, pr\u00e9c\u00e9demment Hakem de Arafat.<\/p>\n<p>Wilaya de Nouakchott Sud<\/p>\n<p>Moughataa de Arafat<\/p>\n<p>\u2013 Hakem : Mohamed Horma Ould Rabani, Administrateur, pr\u00e9c\u00e9demment Hakem de Kankossa.<\/p>\n<p>Moughataa d\u2019El Mina<\/p>\n<p>\u2013 Hakem : Ahmada Ould Khattra Ould Cheikh, Administrateur, pr\u00e9c\u00e9demment Hakem de Adel Bagrou.<\/p>\n<p>Moughtaa de Ryad<\/p>\n<p>\u2013 Hakem : Lemana Ould Ali, Administrateur, pr\u00e9c\u00e9demment Hakem de Tidjikja,<\/p>\n<p>\u2013 Hakem Moussaid : Mohamed Abdellahi Ould Sghayir, Administrateur, pr\u00e9c\u00e9demment Hakem moussaid de Tevragh Zeina.<\/p>\n<p>Wilaya de Nouakchott Nord<\/p>\n<p>Cabinet du Wali<\/p>\n<p>\u2013 Directeur de cabinet : Mohamed Yahya Ould Mohamed Khalih, Administrateur, pr\u00e9c\u00e9demment Wali Moussaid Inchiri,<\/p>\n<p>\u2013 Conseiller charg\u00e9 des Affaires Administratives et Juridiques : Mohamed Al Kory Ali Boumeija, Administrateur, pr\u00e9c\u00e9demment Conseiller charg\u00e9 des Affaires Politiques et Sociales dans la m\u00eame Wilaya,<\/p>\n<p>\u2013 Conseill\u00e8re charg\u00e9e des Affaires Politiques et Sociales : Atika Mint Taleb Mohamed, Administrateur Adjoint, pr\u00e9c\u00e9demment Secr\u00e9taire G\u00e9n\u00e9ral de la Moughataa du Ksar.<\/p>\n<p>Moughataa Dar Al Naim<\/p>\n<p>\u2013 Hakem : Eddarja Leha Mint Lemhaba, Administrateur, pr\u00e9c\u00e9demment Hakem du Ksar,<\/p>\n<p>\u2013 Hakem Moussaid : Aissata Amadou Dia, Administrateur Adjoint, pr\u00e9c\u00e9demment Hakem Moussaid de Toujounine.<\/p>\n<p>Moughataa de Toujounine<\/p>\n<p>\u2013 Hakem : Adama Ardo Hassen Dia, Administrateur-Adjoint, pr\u00e9c\u00e9demment Hakem de Walata,<\/p>\n<p>\u2013 Hakem Moussaid : OumKelthoum Ahmed Abidine, Administrateur Adjoint, pr\u00e9c\u00e9demment Hakem de Dar Naim.<\/p>\n<p>Moughataa de Teyarett<\/p>\n<p>\u2013 Hakem : Mohamed Ahmed Cheikhna, Administrateur-Adjoint, pr\u00e9c\u00e9demment Hakem d\u2019Atar.<\/p>\n<p>Wilaya de Nouakchott Ouest.<\/p>\n<p>Cabinet du Wali<\/p>\n<p>\u2013 Conseiller des Affaires Administratives et Juridiques : Mohamed Cheikh Ould Mohamed Abderrahmane, Administrateur-Adjoint, pr\u00e9c\u00e9demment Hakem de Keur Mac\u00e8ne.<\/p>\n<p>Moughataa de Tevragh Zeina<\/p>\n<p>\u2013 Hakem : Ebi Mouhamed MBareck Hmeida, Administrateur, pr\u00e9c\u00e9demment Conseiller du Wali de l\u2019Assaba, charg\u00e9 des Affaires Politiques et Sociales,<\/p>\n<p>\u2013 Hakem Moussaid : Zeinebou Abdellahi Moustapha, Administrateur, pr\u00e9c\u00e9demment Hakem moussaid de Ryad.<\/p>\n<p>Moughataa du Ksar<\/p>\n<p>\u2013 Hakem : Zeinebou Mint Abdellahi Ben Messoud, Administrateur, pr\u00e9c\u00e9demment Conseill\u00e8re Technique au Minist\u00e8re.<\/p>\n<p>Moughataa de Sebkha<\/p>\n<p>\u2013 Hakem : El Khalifa Moctari Sidi Ali, Administrateur, pr\u00e9c\u00e9demment Hakem de Kiffa.<\/p>\n<p>Minist\u00e8re de la Transformation Num\u00e9rique, de l\u2019Innovation et de la Modernisation de l\u2019Administration<\/p>\n<p>Etablissements Publics<\/p>\n<p>L\u2019Autorit\u00e9 de Protection des Donn\u00e9es \u00e0 caract\u00e8re Personnel<\/p>\n<p>\u2013 Secr\u00e9taire G\u00e9n\u00e9ral : Ahmed Mahmoud Ould Ethmane Soueid Ahmed, Ing\u00e9nieur en informatique.<br \/>\nAmi<\/p>\n","protected":false},"excerpt":{"rendered":"<p>Le Conseil des Ministres s\u2019est r\u00e9uni le mercredi 26 octobre 2022 sous la Pr\u00e9sidence de Son Excellence Monsieur le Pr\u00e9sident de la R\u00e9publique Mohamed Ould Cheikh El-Ghazouani. Le Conseil a examin\u00e9 et approuv\u00e9 le projet de loi autorisant la ratification de la convention de l\u2019Union Africaine sur la cybers\u00e9curit\u00e9 et la protection des donn\u00e9es \u00e0 &hellip;<\/p>\n","protected":false},"author":2,"featured_media":1382,"comment_status":"open","ping_status":"open","sticky":false,"template":"","format":"standard","meta":{"footnotes":""},"categories":[18],"tags":[],"class_list":["post-2628","post","type-post","status-publish","format-standard","has-post-thumbnail","hentry","category-actualites"],"_links":{"self":[{"href":"https:\/\/ladepeche.mr\/index.php?rest_route=\/wp\/v2\/posts\/2628","targetHints":{"allow":["GET"]}}],"collection":[{"href":"https:\/\/ladepeche.mr\/index.php?rest_route=\/wp\/v2\/posts"}],"about":[{"href":"https:\/\/ladepeche.mr\/index.php?rest_route=\/wp\/v2\/types\/post"}],"author":[{"embeddable":true,"href":"https:\/\/ladepeche.mr\/index.php?rest_route=\/wp\/v2\/users\/2"}],"replies":[{"embeddable":true,"href":"https:\/\/ladepeche.mr\/index.php?rest_route=%2Fwp%2Fv2%2Fcomments&post=2628"}],"version-history":[{"count":1,"href":"https:\/\/ladepeche.mr\/index.php?rest_route=\/wp\/v2\/posts\/2628\/revisions"}],"predecessor-version":[{"id":2630,"href":"https:\/\/ladepeche.mr\/index.php?rest_route=\/wp\/v2\/posts\/2628\/revisions\/2630"}],"wp:featuredmedia":[{"embeddable":true,"href":"https:\/\/ladepeche.mr\/index.php?rest_route=\/wp\/v2\/media\/1382"}],"wp:attachment":[{"href":"https:\/\/ladepeche.mr\/index.php?rest_route=%2Fwp%2Fv2%2Fmedia&parent=2628"}],"wp:term":[{"taxonomy":"category","embeddable":true,"href":"https:\/\/ladepeche.mr\/index.php?rest_route=%2Fwp%2Fv2%2Fcategories&post=2628"},{"taxonomy":"post_tag","embeddable":true,"href":"https:\/\/ladepeche.mr\/index.php?rest_route=%2Fwp%2Fv2%2Ftags&post=2628"}],"curies":[{"name":"wp","href":"https:\/\/api.w.org\/{rel}","templated":true}]}}