{"id":2639,"date":"2022-10-27T13:20:36","date_gmt":"2022-10-27T13:20:36","guid":{"rendered":"https:\/\/ladepeche.mr\/?p=2639"},"modified":"2022-10-27T12:34:07","modified_gmt":"2022-10-27T12:34:07","slug":"le-ministre-de-la-culture-le-gouvernement-recherche-des-informations-credibles-independantes-et-impartiales","status":"publish","type":"post","link":"https:\/\/ladepeche.mr\/?p=2639","title":{"rendered":"Le ministre de la Culture : le gouvernement recherche \u00abdes informations cr\u00e9dibles, ind\u00e9pendantes et impartiales \u00bb"},"content":{"rendered":"<p>Le gouvernement mauritanien veut \u00e9tablir une relation confiante avec les usagers en comptant sur \u00abdes informations cr\u00e9dibles, ind\u00e9pendantes et impartiales\u00bb a assur\u00e9 mercredi le ministre de la Culture, de la Jeunesse et des Sports et des Relations avec le Parlement, M. Mohamed Ould Soueidatt, lors d\u2019une c\u00e9r\u00e9monie de r\u00e9ception d\u2019une plate- forme revendicative du syndicat des journalistes mauritaniens (AJM).<br \/>\nPour ce faire, le ministre a rappel\u00e9 qu\u2019un projet de r\u00e9forme professionnel salvateur est toujours en cours pr\u00e9cisant que \u00ab Son Excellence le Pr\u00e9sident de la R\u00e9publique, M. Mohamed Ould Cheikh El Ghazouani attache une importance particuli\u00e8re \u00e0 la r\u00e9forme du secteur de la presse et des m\u00e9dias \u00bb.<br \/>\n\u00ab Un programme int\u00e9gr\u00e9 visant \u00e0 accro\u00eetre les comp\u00e9tences professionnelles et institutionnelles \u00bb des m\u00e9dias serait en cours pour l\u2019\u00e9mergence d\u2019une presse professionnelle et que les consultations avec les acteurs \u00e9taient ouvertes pour booster le programme.<br \/>\nLe ministre a enfin promis que les dol\u00e9ances de l\u2019AJM seraient prises en consid\u00e9ration.<\/p>\n","protected":false},"excerpt":{"rendered":"<p>Le gouvernement mauritanien veut \u00e9tablir une relation confiante avec les usagers en comptant sur \u00abdes informations cr\u00e9dibles, ind\u00e9pendantes et impartiales\u00bb a assur\u00e9 mercredi le ministre de la Culture, de la Jeunesse et des Sports et des Relations avec le Parlement, M. Mohamed Ould Soueidatt, lors d\u2019une c\u00e9r\u00e9monie de r\u00e9ception d\u2019une plate- forme revendicative du syndicat &hellip;<\/p>\n","protected":false},"author":2,"featured_media":2640,"comment_status":"open","ping_status":"open","sticky":false,"template":"","format":"standard","meta":{"footnotes":""},"categories":[18,15],"tags":[],"class_list":["post-2639","post","type-post","status-publish","format-standard","has-post-thumbnail","hentry","category-actualites","category-culture"],"_links":{"self":[{"href":"https:\/\/ladepeche.mr\/index.php?rest_route=\/wp\/v2\/posts\/2639","targetHints":{"allow":["GET"]}}],"collection":[{"href":"https:\/\/ladepeche.mr\/index.php?rest_route=\/wp\/v2\/posts"}],"about":[{"href":"https:\/\/ladepeche.mr\/index.php?rest_route=\/wp\/v2\/types\/post"}],"author":[{"embeddable":true,"href":"https:\/\/ladepeche.mr\/index.php?rest_route=\/wp\/v2\/users\/2"}],"replies":[{"embeddable":true,"href":"https:\/\/ladepeche.mr\/index.php?rest_route=%2Fwp%2Fv2%2Fcomments&post=2639"}],"version-history":[{"count":1,"href":"https:\/\/ladepeche.mr\/index.php?rest_route=\/wp\/v2\/posts\/2639\/revisions"}],"predecessor-version":[{"id":2641,"href":"https:\/\/ladepeche.mr\/index.php?rest_route=\/wp\/v2\/posts\/2639\/revisions\/2641"}],"wp:featuredmedia":[{"embeddable":true,"href":"https:\/\/ladepeche.mr\/index.php?rest_route=\/wp\/v2\/media\/2640"}],"wp:attachment":[{"href":"https:\/\/ladepeche.mr\/index.php?rest_route=%2Fwp%2Fv2%2Fmedia&parent=2639"}],"wp:term":[{"taxonomy":"category","embeddable":true,"href":"https:\/\/ladepeche.mr\/index.php?rest_route=%2Fwp%2Fv2%2Fcategories&post=2639"},{"taxonomy":"post_tag","embeddable":true,"href":"https:\/\/ladepeche.mr\/index.php?rest_route=%2Fwp%2Fv2%2Ftags&post=2639"}],"curies":[{"name":"wp","href":"https:\/\/api.w.org\/{rel}","templated":true}]}}