{"id":2643,"date":"2022-10-27T14:20:14","date_gmt":"2022-10-27T14:20:14","guid":{"rendered":"https:\/\/ladepeche.mr\/?p=2643"},"modified":"2022-10-27T15:05:07","modified_gmt":"2022-10-27T15:05:07","slug":"rim-ci-le-president-de-lunpm-plaide-pour-une-levee-de-taxes-dentree-en-faveur-des-mauritaniens","status":"publish","type":"post","link":"https:\/\/ladepeche.mr\/?p=2643","title":{"rendered":"RIM-CI: Le pr\u00e9sident de l\u2019UNPM plaide pour une lev\u00e9e de taxes d\u2019entr\u00e9e en faveur des mauritaniens"},"content":{"rendered":"<p>Le pr\u00e9sident de l\u2019Union nationale du Patronat Mauritanien (UNPM), Mohamed Zein El Abidine Ould Cheikh Ahmed, a plaid\u00e9 mercredi lors d\u2019une rencontre avec le Premier ministre de la R\u00e9publique de C\u00f4te d\u2019Ivoire, M. PATRICK ACHI, pour une lev\u00e9e de taxes et des droits de douanes \u00e0 l\u2019entr\u00e9e de produits mauritaniens ainsi pour une suppression des taxes de s\u00e9jour en faveur des mauritaniens en C\u00f4te d\u2019Ivoire.<br \/>\nLe Premier ministre ivoirien s\u2019est engag\u00e9 \u00e0 \u00e9tudier favorablement les dol\u00e9ances du pr\u00e9sident du patronat mauritanien qui avait \u00e9t\u00e9 re\u00e7u en compagnie de ses coll\u00e8gues de l\u2019assembl\u00e9e g\u00e9n\u00e9rale des organisations patronales des pays ayant en partage la langue fran\u00e7aise.<br \/>\n A noter aussi que le pr\u00e9sident du patronat mauritanien est le pr\u00e9sident en exercice des organisations patronales du G5 Sahel et membre du bureau ex\u00e9cutif des organisations patronales des pays ayant en partage la langue fran\u00e7aise.<\/p>\n","protected":false},"excerpt":{"rendered":"<p>Le pr\u00e9sident de l\u2019Union nationale du Patronat Mauritanien (UNPM), Mohamed Zein El Abidine Ould Cheikh Ahmed, a plaid\u00e9 mercredi lors d\u2019une rencontre avec le Premier ministre de la R\u00e9publique de C\u00f4te d\u2019Ivoire, M. PATRICK ACHI, pour une lev\u00e9e de taxes et des droits de douanes \u00e0 l\u2019entr\u00e9e de produits mauritaniens ainsi pour une suppression des &hellip;<\/p>\n","protected":false},"author":2,"featured_media":2644,"comment_status":"open","ping_status":"open","sticky":false,"template":"","format":"standard","meta":{"footnotes":""},"categories":[18,2,1],"tags":[],"class_list":["post-2643","post","type-post","status-publish","format-standard","has-post-thumbnail","hentry","category-actualites","category-economie","category-uncategorized"],"_links":{"self":[{"href":"https:\/\/ladepeche.mr\/index.php?rest_route=\/wp\/v2\/posts\/2643","targetHints":{"allow":["GET"]}}],"collection":[{"href":"https:\/\/ladepeche.mr\/index.php?rest_route=\/wp\/v2\/posts"}],"about":[{"href":"https:\/\/ladepeche.mr\/index.php?rest_route=\/wp\/v2\/types\/post"}],"author":[{"embeddable":true,"href":"https:\/\/ladepeche.mr\/index.php?rest_route=\/wp\/v2\/users\/2"}],"replies":[{"embeddable":true,"href":"https:\/\/ladepeche.mr\/index.php?rest_route=%2Fwp%2Fv2%2Fcomments&post=2643"}],"version-history":[{"count":3,"href":"https:\/\/ladepeche.mr\/index.php?rest_route=\/wp\/v2\/posts\/2643\/revisions"}],"predecessor-version":[{"id":2649,"href":"https:\/\/ladepeche.mr\/index.php?rest_route=\/wp\/v2\/posts\/2643\/revisions\/2649"}],"wp:featuredmedia":[{"embeddable":true,"href":"https:\/\/ladepeche.mr\/index.php?rest_route=\/wp\/v2\/media\/2644"}],"wp:attachment":[{"href":"https:\/\/ladepeche.mr\/index.php?rest_route=%2Fwp%2Fv2%2Fmedia&parent=2643"}],"wp:term":[{"taxonomy":"category","embeddable":true,"href":"https:\/\/ladepeche.mr\/index.php?rest_route=%2Fwp%2Fv2%2Fcategories&post=2643"},{"taxonomy":"post_tag","embeddable":true,"href":"https:\/\/ladepeche.mr\/index.php?rest_route=%2Fwp%2Fv2%2Ftags&post=2643"}],"curies":[{"name":"wp","href":"https:\/\/api.w.org\/{rel}","templated":true}]}}