{"id":2655,"date":"2022-10-27T22:03:54","date_gmt":"2022-10-27T22:03:54","guid":{"rendered":"https:\/\/ladepeche.mr\/?p=2655"},"modified":"2022-10-27T22:28:56","modified_gmt":"2022-10-27T22:28:56","slug":"politique-lanticipation-des-elections-generales-remise-en-cause","status":"publish","type":"post","link":"https:\/\/ladepeche.mr\/?p=2655","title":{"rendered":"Politique: L\u2019anticipation des \u00e9lections g\u00e9n\u00e9rales remise en cause?"},"content":{"rendered":"<p>Si l\u2019on en croit des sources bien inform\u00e9es, l\u2019anticipation des \u00e9lections g\u00e9n\u00e9rales en milieu de l\u2019ann\u00e9e 2023 pourrait \u00eatre remise en cause.<br \/>\nPlusieurs raisons objectives parmi lesquelles le blocage de constitution d\u2019une CENI consensuelle, dans les d\u00e9lais impartis, militeraient en faveur d\u2019un retour du calendrier initial normal.<br \/>\nLes partis de l\u2019Opposition n\u2019arriveraient pas \u00e0 aplanir leurs divergences sur qui donnerait les garanties de leur bonne repr\u00e9sentation. De plus, outre un int\u00e9r\u00eat \u00e9vident pour le parti \u00ab\u00a0Insaf\u00a0\u00bb de bien se repositionner apr\u00e8s sa mue, repousser les \u00e9lections de quelques mois seulement pourrait entraver des programmes de d\u00e9veloppement pour le pays, dans une p\u00e9riode jug\u00e9e difficile pour toute la communaut\u00e9 internationale.<br \/>\nL\u2019id\u00e9e de revenir \u00e0 un calendrier normal ferait son cours et serait \u00e2prement privil\u00e9gi\u00e9e dans les hautes sph\u00e8res.<br \/>\nLes protagonistes avaient en tout cas. lors des consultations, pr\u00e9vu que la tro\u00efka (gouvernement, CENI et opposition) d\u00e9cide conjointement de la date d\u2019eventS \u00e9lections anticip\u00e9es. Ce qui ne serait donc plus \u00e0 l\u2019ordre du jour.<\/p>\n","protected":false},"excerpt":{"rendered":"<p>Si l\u2019on en croit des sources bien inform\u00e9es, l\u2019anticipation des \u00e9lections g\u00e9n\u00e9rales en milieu de l\u2019ann\u00e9e 2023 pourrait \u00eatre remise en cause. Plusieurs raisons objectives parmi lesquelles le blocage de constitution d\u2019une CENI consensuelle, dans les d\u00e9lais impartis, militeraient en faveur d\u2019un retour du calendrier initial normal. Les partis de l\u2019Opposition n\u2019arriveraient pas \u00e0 aplanir &hellip;<\/p>\n","protected":false},"author":2,"featured_media":2657,"comment_status":"open","ping_status":"open","sticky":false,"template":"","format":"standard","meta":{"footnotes":""},"categories":[18],"tags":[],"class_list":["post-2655","post","type-post","status-publish","format-standard","has-post-thumbnail","hentry","category-actualites"],"_links":{"self":[{"href":"https:\/\/ladepeche.mr\/index.php?rest_route=\/wp\/v2\/posts\/2655","targetHints":{"allow":["GET"]}}],"collection":[{"href":"https:\/\/ladepeche.mr\/index.php?rest_route=\/wp\/v2\/posts"}],"about":[{"href":"https:\/\/ladepeche.mr\/index.php?rest_route=\/wp\/v2\/types\/post"}],"author":[{"embeddable":true,"href":"https:\/\/ladepeche.mr\/index.php?rest_route=\/wp\/v2\/users\/2"}],"replies":[{"embeddable":true,"href":"https:\/\/ladepeche.mr\/index.php?rest_route=%2Fwp%2Fv2%2Fcomments&post=2655"}],"version-history":[{"count":3,"href":"https:\/\/ladepeche.mr\/index.php?rest_route=\/wp\/v2\/posts\/2655\/revisions"}],"predecessor-version":[{"id":2659,"href":"https:\/\/ladepeche.mr\/index.php?rest_route=\/wp\/v2\/posts\/2655\/revisions\/2659"}],"wp:featuredmedia":[{"embeddable":true,"href":"https:\/\/ladepeche.mr\/index.php?rest_route=\/wp\/v2\/media\/2657"}],"wp:attachment":[{"href":"https:\/\/ladepeche.mr\/index.php?rest_route=%2Fwp%2Fv2%2Fmedia&parent=2655"}],"wp:term":[{"taxonomy":"category","embeddable":true,"href":"https:\/\/ladepeche.mr\/index.php?rest_route=%2Fwp%2Fv2%2Fcategories&post=2655"},{"taxonomy":"post_tag","embeddable":true,"href":"https:\/\/ladepeche.mr\/index.php?rest_route=%2Fwp%2Fv2%2Ftags&post=2655"}],"curies":[{"name":"wp","href":"https:\/\/api.w.org\/{rel}","templated":true}]}}