{"id":2660,"date":"2022-10-28T10:21:32","date_gmt":"2022-10-28T10:21:32","guid":{"rendered":"https:\/\/ladepeche.mr\/?p=2660"},"modified":"2022-10-28T10:21:32","modified_gmt":"2022-10-28T10:21:32","slug":"profil-de-cas-sidi-ould-ahmed-deya-portrait-dun-homme-qui-se-faufile-entre-les-ages","status":"publish","type":"post","link":"https:\/\/ladepeche.mr\/?p=2660","title":{"rendered":"PROFIL DE CAS : SIDI OULD AHMED DEYA\/Portrait d\u2019un Homme qui se faufile entre les \u00e2ges."},"content":{"rendered":"<p>Il est tr\u00e8s difficile de dresser le portrait d\u2019un homme qui se faufile entre les \u00e2ges tout en restant \u00e0 la fois  un homme du pass\u00e9, un homme du pr\u00e9sent et un homme du futur. A 76 ans, celui qui a r\u00e9sist\u00e9 contre \u00ab Vents et Mar\u00e9es \u00bb aux bassesses de cette culture qui a envahi notre pays depuis 1978 a prouv\u00e9 par les mots qu\u2019il  peut se regarder en face.<br \/>\nA la fois ancr\u00e9 dans des valeurs traditionnelles qui ont contribu\u00e9es \u00e0 mettre  en \u00e9vidence son attachement \u00e0 ses origines, mais aussi fortement  impr\u00e9gn\u00e9 par  la culture moderne qui \u00abconsacre la comp\u00e9tence\u00bb chez certains  hommes, SIDI Ould Ahmed Deya, peu connu du grand public, restera sans doute l\u2019un des cadres de ce pays qui ont s\u00e9duit \u00e0 la fois la classe politique mais aussi la classe administrative.<br \/>\nEn 1972, son Bac n\u2019est pas encore plastifi\u00e9 le voil\u00e0 d\u00e9j\u00e0 inspecteur des imp\u00f4ts. C\u2019\u00e9tait en 1974. En 1978  les portes de l\u2019ENA,  (l\u2019Ecole Nationale d\u2019Administration) s\u2019ouvrent grande devant sa r\u00e9ussite au concours d\u2019entr\u00e9e dans cette prestigieuses \u00e9cole de l\u2019\u00e9poque.<br \/>\nA peine sorti de l\u2019ENA, le voil\u00e0 gouverneur de la Wilaya de l\u2019Assaba, 208 kilom\u00e8tres seulement de sa ville natale Eeyoune El Megu\u2019v\u00e9. Nous sommes en 1981. En 1981 justement, il est choisi pour mettre de l\u2019ordre dans un d\u00e9sordre fou qui se faisait sentir \u00e0 la pr\u00e9sidence de la R\u00e9publique. Il restera Secr\u00e9taire G\u00e9n\u00e9ral de la Pr\u00e9sidence jusqu\u2019en 1982.<br \/>\nQuand la comp\u00e9tence s\u2019assimile \u00e0 la modestie.<br \/>\nDepuis cette date, c\u2019est le succ\u00e8s fou : Il est ministre des finances de 1982 \u00e0 1983 et de 1983 \u00e0 1984, ministre des finances et du Commerce.<br \/>\nContr\u00f4leur financier en 1987, il devient Secr\u00e9taire G\u00e9n\u00e9ral de l\u2019OMVS de 1988 \u00e0 1989, puis Directeur G\u00e9n\u00e9ral de la SONADER de 1989 \u00e0 1990 avant d\u2019\u00eatre catapult\u00e9 Inspecteur d\u2019Etat de 2007 \u00e0 2009.<br \/>\nCelui qu\u2019on pourrait appeler le responsable dont la dur\u00e9e du mandat  dans la fonction ne d\u00e9passe g\u00e9n\u00e9ralement pas plus d\u2019une ann\u00e9e,  est un fonctionnaire hors pair.  Un vrai Commis de l\u2019Etat moul\u00e9 dans un sarcophage qui l\u2019a toujours prot\u00e9g\u00e9 des d\u00e9tournements, de la mauvaise gestion et surtout de la malhonn\u00eatet\u00e9 administrative qui incarne le comportement de  certains cadres qui baignent dans la malversation et la malhonn\u00eatet\u00e9 intellectuelle une fois promuus.<br \/>\nN\u00e9 une ann\u00e9e seulement apr\u00e8s le d\u00e9tachement des deux Hodh du Soudan fran\u00e7ais et leur rattachement \u00e0 la Mauritanie naissante, Sidi Ould Ahmed Deya a fr\u00e9quent\u00e9 cette \u00e9cole mauritanienne avant qu\u2019elle ne soit  spoli\u00e9e par les divergences, les contradictions et les batailles politiques.<br \/>\nCelui qui se faisait tabasser tous les jours par la Garde R\u00e9publicaine de  Ould Daddah pour ses positions politiques qui tranchent fermement  avec l\u2019injustice et la discrimination raciale  a \u00e9t\u00e9 longtemps la b\u00eate noire de feu Momoye Diarra, notre p\u00e8re \u00e0 nous tous,  Le Capitaine, cet homme d\u2019exception qui avait  \u00e0 charge de prot\u00e9ger le r\u00e9gime de ces fous des principes et des id\u00e9aux qui s\u2019\u00e9vanouissaient tous les jours  dans la fum\u00e9e opaque des grenades lacrymog\u00e8nes du Parti Unique au pouvoir sans renoncer \u00e0 leur combat.<br \/>\nQuand un r\u00e9volt\u00e9 prend un coup de botte dans le\u2026<br \/>\nCelui qui a pris lui aussi, comme beaucoup d\u2019autres \u00ab sa dose \u00bb des bottes  r\u00e9pressives du Capitaine Momoye Diarra (Qu\u2019Allah l\u2019accueille en son Saint Parais), est rest\u00e9 de 1966, jusqu\u2019\u00e0 ce  jour invariablement le m\u00eame. Un b\u00e9douin c\u2019est tout. Un semi-nomade du Sud-Est de la Mauritanie qui h\u00e9site \u00e0 devenir un homme moderne par peur  d\u2019ajouter une fausse note \u00e0 sa simplicit\u00e9 et son ouverture \u00e0 l\u2019\u00e9gard de tous ses prochains sans distinction de race ou d\u2019opinion politique.<br \/>\nC\u2019est cet homme qui se faufile entre les \u00e2ges, les \u00e9poques, entre  la vie administrative et la vie politique qui a racont\u00e9 son histoire \u00e0 lui dans un chef d\u2019\u0153uvre qui retrace son parcours de combattant inlassable de la gabegie  et du d\u00e9tournement des deniers publics.<br \/>\nDevant un parterre de cadres administratifs, d\u2019intellectuels, et de compagnons de lutte, le 25 octobre dernier il a regard\u00e9 toute la Mauritanie dans sa diversit\u00e9 ethnique en face pour dire \u00e0 tous, voici ce que mon parcours a fait de moi et voil\u00e0 ce que j\u2019ai fait de mon parcours..<br \/>\nEn  382 pages d\u2019une narration limpide et tr\u00e8s digeste,  Sidi Ould Ahmed Deya, a fait de ses M\u00e9moires un v\u00e9ritable livre d\u2019histoire litt\u00e9raire. Il  a  simplement dit ce qui devait \u00eatre dit pour que la post\u00e9rit\u00e9 t\u00e9moigne du parcours d\u2019un Homme tellement diff\u00e9rent des autres par sa culture tr\u00e8s pouss\u00e9e,  ses  comp\u00e9tences qui n\u2019ont jamais \u00e9t\u00e9 d\u00e9menties, mais aussi et surtout, par son honn\u00eatet\u00e9 intellectuelle et morale hors du commun.<br \/>\nC\u2019est du Sidi Ould Ahmed Deya. \u00c7a a toujours \u00e9t\u00e9 comme \u00e7a, et \u00e7a le restera pour toujours.<br \/>\nMohamed Chighali<br \/>\nJournaliste ind\u00e9pendant.<\/p>\n","protected":false},"excerpt":{"rendered":"<p>Il est tr\u00e8s difficile de dresser le portrait d\u2019un homme qui se faufile entre les \u00e2ges tout en restant \u00e0 la fois un homme du pass\u00e9, un homme du pr\u00e9sent et un homme du futur. A 76 ans, celui qui a r\u00e9sist\u00e9 contre \u00ab Vents et Mar\u00e9es \u00bb aux bassesses de cette culture qui a &hellip;<\/p>\n","protected":false},"author":2,"featured_media":2661,"comment_status":"open","ping_status":"open","sticky":false,"template":"","format":"standard","meta":{"footnotes":""},"categories":[15,19],"tags":[],"class_list":["post-2660","post","type-post","status-publish","format-standard","has-post-thumbnail","hentry","category-culture","category-tribune"],"_links":{"self":[{"href":"https:\/\/ladepeche.mr\/index.php?rest_route=\/wp\/v2\/posts\/2660","targetHints":{"allow":["GET"]}}],"collection":[{"href":"https:\/\/ladepeche.mr\/index.php?rest_route=\/wp\/v2\/posts"}],"about":[{"href":"https:\/\/ladepeche.mr\/index.php?rest_route=\/wp\/v2\/types\/post"}],"author":[{"embeddable":true,"href":"https:\/\/ladepeche.mr\/index.php?rest_route=\/wp\/v2\/users\/2"}],"replies":[{"embeddable":true,"href":"https:\/\/ladepeche.mr\/index.php?rest_route=%2Fwp%2Fv2%2Fcomments&post=2660"}],"version-history":[{"count":1,"href":"https:\/\/ladepeche.mr\/index.php?rest_route=\/wp\/v2\/posts\/2660\/revisions"}],"predecessor-version":[{"id":2662,"href":"https:\/\/ladepeche.mr\/index.php?rest_route=\/wp\/v2\/posts\/2660\/revisions\/2662"}],"wp:featuredmedia":[{"embeddable":true,"href":"https:\/\/ladepeche.mr\/index.php?rest_route=\/wp\/v2\/media\/2661"}],"wp:attachment":[{"href":"https:\/\/ladepeche.mr\/index.php?rest_route=%2Fwp%2Fv2%2Fmedia&parent=2660"}],"wp:term":[{"taxonomy":"category","embeddable":true,"href":"https:\/\/ladepeche.mr\/index.php?rest_route=%2Fwp%2Fv2%2Fcategories&post=2660"},{"taxonomy":"post_tag","embeddable":true,"href":"https:\/\/ladepeche.mr\/index.php?rest_route=%2Fwp%2Fv2%2Ftags&post=2660"}],"curies":[{"name":"wp","href":"https:\/\/api.w.org\/{rel}","templated":true}]}}