{"id":2666,"date":"2022-10-28T11:32:28","date_gmt":"2022-10-28T11:32:28","guid":{"rendered":"https:\/\/ladepeche.mr\/?p=2666"},"modified":"2022-10-28T11:32:28","modified_gmt":"2022-10-28T11:32:28","slug":"amenagement-urbain-a-nouakchott-ladu-decoit-le-president","status":"publish","type":"post","link":"https:\/\/ladepeche.mr\/?p=2666","title":{"rendered":"Am\u00e9nagement urbain \u00e0 Nouakchott: L\u2019Adu d\u00e9\u00e7oit le pr\u00e9sident !"},"content":{"rendered":"<p>Visiblement, le pr\u00e9sident de la R\u00e9publique n\u2019\u00e9tait pas satisfait du compte-rendu de la Directrice g\u00e9n\u00e9rale de l\u2019Agence de D\u00e9veloppement Urbain (ADU), Maimouna Mint Ahmed Salem <strong>(photo)<\/strong>, concernant l\u2019ex\u00e9cution des op\u00e9rations de r\u00e9habilitation du secteur 22, moughataa de Toujounine, entam\u00e9es en avril 2022 et que lui avait confi\u00e9es le minist\u00e8re de l\u2019habitat pour l\u2019am\u00e9nagement de 453 hectares dont 13 499 parcelles de terrain.<br \/>\nLes r\u00e9alisations marginales, les retards amoncel\u00e9s et les nombreuses supputations sur la gestion des \u0153uvres sociales du projet dont le seul volet ex\u00e9cut\u00e9 serait une d\u00e9pense de 206 millions MRU en\u00ab distribution de denr\u00e9es alimentaires\u00bb appellent au contr\u00f4le public. Mais o\u00f9 est donc l\u2019Inspection g\u00e9n\u00e9rale de l\u2019Etat?  Gageons en tout cas que cette fois, le pr\u00e9sident de la R\u00e9publique qui lui-m\u00eame est sorti voir de ses propres yeux la gestion de ses projets va s\u00e9vir contre l\u2019irrespect des engagements pris.<\/p>\n","protected":false},"excerpt":{"rendered":"<p>Visiblement, le pr\u00e9sident de la R\u00e9publique n\u2019\u00e9tait pas satisfait du compte-rendu de la Directrice g\u00e9n\u00e9rale de l\u2019Agence de D\u00e9veloppement Urbain (ADU), Maimouna Mint Ahmed Salem (photo), concernant l\u2019ex\u00e9cution des op\u00e9rations de r\u00e9habilitation du secteur 22, moughataa de Toujounine, entam\u00e9es en avril 2022 et que lui avait confi\u00e9es le minist\u00e8re de l\u2019habitat pour l\u2019am\u00e9nagement de 453 &hellip;<\/p>\n","protected":false},"author":2,"featured_media":2669,"comment_status":"open","ping_status":"open","sticky":false,"template":"","format":"standard","meta":{"footnotes":""},"categories":[26],"tags":[],"class_list":["post-2666","post","type-post","status-publish","format-standard","has-post-thumbnail","hentry","category-en-panne"],"_links":{"self":[{"href":"https:\/\/ladepeche.mr\/index.php?rest_route=\/wp\/v2\/posts\/2666","targetHints":{"allow":["GET"]}}],"collection":[{"href":"https:\/\/ladepeche.mr\/index.php?rest_route=\/wp\/v2\/posts"}],"about":[{"href":"https:\/\/ladepeche.mr\/index.php?rest_route=\/wp\/v2\/types\/post"}],"author":[{"embeddable":true,"href":"https:\/\/ladepeche.mr\/index.php?rest_route=\/wp\/v2\/users\/2"}],"replies":[{"embeddable":true,"href":"https:\/\/ladepeche.mr\/index.php?rest_route=%2Fwp%2Fv2%2Fcomments&post=2666"}],"version-history":[{"count":2,"href":"https:\/\/ladepeche.mr\/index.php?rest_route=\/wp\/v2\/posts\/2666\/revisions"}],"predecessor-version":[{"id":2670,"href":"https:\/\/ladepeche.mr\/index.php?rest_route=\/wp\/v2\/posts\/2666\/revisions\/2670"}],"wp:featuredmedia":[{"embeddable":true,"href":"https:\/\/ladepeche.mr\/index.php?rest_route=\/wp\/v2\/media\/2669"}],"wp:attachment":[{"href":"https:\/\/ladepeche.mr\/index.php?rest_route=%2Fwp%2Fv2%2Fmedia&parent=2666"}],"wp:term":[{"taxonomy":"category","embeddable":true,"href":"https:\/\/ladepeche.mr\/index.php?rest_route=%2Fwp%2Fv2%2Fcategories&post=2666"},{"taxonomy":"post_tag","embeddable":true,"href":"https:\/\/ladepeche.mr\/index.php?rest_route=%2Fwp%2Fv2%2Ftags&post=2666"}],"curies":[{"name":"wp","href":"https:\/\/api.w.org\/{rel}","templated":true}]}}