{"id":2671,"date":"2022-10-28T21:16:01","date_gmt":"2022-10-28T21:16:01","guid":{"rendered":"https:\/\/ladepeche.mr\/?p=2671"},"modified":"2022-10-28T21:16:01","modified_gmt":"2022-10-28T21:16:01","slug":"sante-plusieurs-produits-pharmaceutiques-et-depiceries-frelates","status":"publish","type":"post","link":"https:\/\/ladepeche.mr\/?p=2671","title":{"rendered":"Sant\u00e9 : Plusieurs produits pharmaceutiques et d\u2019\u00e9piceries frelat\u00e9s"},"content":{"rendered":"<p>Alors que le minist\u00e8re de la sant\u00e9 m\u00e8ne depuis quelques semaines d\u00e9j\u00e0 une campagne contre les produits pharmaceutiques p\u00e9rim\u00e9s, c\u2019est aujourd\u2019hui autour du minist\u00e8re du commerce d\u2019identifier des produits dangereux pour la sant\u00e9 des utilisateurs.<br \/>\nA noter d\u2019abord que le minist\u00e8re de la Sant\u00e9 a annonc\u00e9 la d\u00e9tention pr\u00e9ventive pour une p\u00e9riode d&#8217;un mois du produit Aspegic , sur la base d&#8217;une notification du laboratoire SANOFI qui l\u2019a fabriqu\u00e9.<br \/>\nDans une circulaire \u00e9mise pour la circonstance, le minist\u00e8re pointe ces cat\u00e9gories:<br \/>\nASPEGIC 100 mg poudre pour sachet B\/20<br \/>\nASPEGIC 250 mg poudre pour sachet B\/20<br \/>\nASPEGIC 500 mg poudre pour sachet B\/20<br \/>\nASPEGIC 1000 mg poudre pour sachet B\/20.<br \/>\nLe minist\u00e8re du commerce quant \u00e0 lui recommande l\u2019arr\u00eat imm\u00e9diat l\u2019utilisation de shampoings genre Dove, TresSemme, Nexxus, Suave et Bad Head.<br \/>\nLa fr\u00e9quence et l\u2019ampleur de ces d\u00e9couvertes de produits p\u00e9rim\u00e9s dans les pharmacies et les grandes surfaces rappellent que nous sommes devenus un v\u00e9ritable d\u00e9potoir de produits dangereux que de v\u00e9reux commer\u00e7ants n\u2019h\u00e9sitent pas \u00e0 proposer \u00e0 des populations peu averties et fatalistes.<\/p>\n","protected":false},"excerpt":{"rendered":"<p>Alors que le minist\u00e8re de la sant\u00e9 m\u00e8ne depuis quelques semaines d\u00e9j\u00e0 une campagne contre les produits pharmaceutiques p\u00e9rim\u00e9s, c\u2019est aujourd\u2019hui autour du minist\u00e8re du commerce d\u2019identifier des produits dangereux pour la sant\u00e9 des utilisateurs. A noter d\u2019abord que le minist\u00e8re de la Sant\u00e9 a annonc\u00e9 la d\u00e9tention pr\u00e9ventive pour une p\u00e9riode d&#8217;un mois du &hellip;<\/p>\n","protected":false},"author":2,"featured_media":2673,"comment_status":"open","ping_status":"open","sticky":false,"template":"","format":"standard","meta":{"footnotes":""},"categories":[18,27],"tags":[],"class_list":["post-2671","post","type-post","status-publish","format-standard","has-post-thumbnail","hentry","category-actualites","category-sante"],"_links":{"self":[{"href":"https:\/\/ladepeche.mr\/index.php?rest_route=\/wp\/v2\/posts\/2671","targetHints":{"allow":["GET"]}}],"collection":[{"href":"https:\/\/ladepeche.mr\/index.php?rest_route=\/wp\/v2\/posts"}],"about":[{"href":"https:\/\/ladepeche.mr\/index.php?rest_route=\/wp\/v2\/types\/post"}],"author":[{"embeddable":true,"href":"https:\/\/ladepeche.mr\/index.php?rest_route=\/wp\/v2\/users\/2"}],"replies":[{"embeddable":true,"href":"https:\/\/ladepeche.mr\/index.php?rest_route=%2Fwp%2Fv2%2Fcomments&post=2671"}],"version-history":[{"count":1,"href":"https:\/\/ladepeche.mr\/index.php?rest_route=\/wp\/v2\/posts\/2671\/revisions"}],"predecessor-version":[{"id":2672,"href":"https:\/\/ladepeche.mr\/index.php?rest_route=\/wp\/v2\/posts\/2671\/revisions\/2672"}],"wp:featuredmedia":[{"embeddable":true,"href":"https:\/\/ladepeche.mr\/index.php?rest_route=\/wp\/v2\/media\/2673"}],"wp:attachment":[{"href":"https:\/\/ladepeche.mr\/index.php?rest_route=%2Fwp%2Fv2%2Fmedia&parent=2671"}],"wp:term":[{"taxonomy":"category","embeddable":true,"href":"https:\/\/ladepeche.mr\/index.php?rest_route=%2Fwp%2Fv2%2Fcategories&post=2671"},{"taxonomy":"post_tag","embeddable":true,"href":"https:\/\/ladepeche.mr\/index.php?rest_route=%2Fwp%2Fv2%2Ftags&post=2671"}],"curies":[{"name":"wp","href":"https:\/\/api.w.org\/{rel}","templated":true}]}}