{"id":2675,"date":"2022-10-29T15:57:37","date_gmt":"2022-10-29T15:57:37","guid":{"rendered":"https:\/\/ladepeche.mr\/?p=2675"},"modified":"2022-10-29T15:57:56","modified_gmt":"2022-10-29T15:57:56","slug":"port-de-nouakchott-la-cltm-exige-la-liberation-des-dockers-arretes-et-louverture-de-negociations","status":"publish","type":"post","link":"https:\/\/ladepeche.mr\/?p=2675","title":{"rendered":"Port de Nouakchott : la CLTM exige la lib\u00e9ration des dockers arr\u00eat\u00e9s et l\u2019ouverture de n\u00e9gociations"},"content":{"rendered":"<p>Les dockers du Port de Nouakchott dit Port de l\u2019Amiti\u00e9 (PANPA) ont d\u00e9clench\u00e9 un mouvement de gr\u00e8ve, il y a quelques jours. <\/p>\n<p>Ils entendaient protester contre leurs mauvaises conditions de travail et de vie, pour ne pas dire leur exploitation par leurs employeurs. En r\u00e9action, l\u2019administration de l\u2019\u00e9tablissement a fait appel aux forces de l\u2019ordre pour mater les gr\u00e9vistes. <\/p>\n<p>Dans un communiqu\u00e9 qu\u2019il a publi\u00e9 \u00e0 cette occasion, la centrale libre des travailleurs de Mauritanie (CLTM) pr\u00e9sid\u00e9e par Samory Ould Beye, qui suit avec attention la situation au port, condamne l\u2019usage abusif de grenades lacrymog\u00e8ne, de matraques et l\u2019arrestation d\u2019une quinzaine de dockers. <\/p>\n<p>La CLTM condamne avec force, ce comportement de la force publique, exige la lib\u00e9ration des dockers et l\u2019ouverture de n\u00e9gociations en vue de trouver une solution aux probl\u00e8mes r\u00e9currents de ces dockers. <\/p>\n<p>Cette centrale, l\u2019une des plus importantes du pays fait porter la responsabilit\u00e9 au gouvernement la d\u00e9gradation du climat social qui, en d\u00e9pit des crises en r\u00e9p\u00e9tition au niveau du port, un endroit n\u00e9vralgique de l\u2019approvisionnement du pays, ne fait montre d\u2019aucune volont\u00e9 de trouver des solutions concert\u00e9es. <\/p>\n<p>Dans son communiqu\u00e9, la CLTM d\u00e9plore le refus par les autorit\u00e9s d\u2019autoriser la visite de son secr\u00e9taire g\u00e9n\u00e9ral aux d\u00e9tenus et aux personnes bless\u00e9es.<br \/>\nLe Calame<\/p>\n","protected":false},"excerpt":{"rendered":"<p>Les dockers du Port de Nouakchott dit Port de l\u2019Amiti\u00e9 (PANPA) ont d\u00e9clench\u00e9 un mouvement de gr\u00e8ve, il y a quelques jours. Ils entendaient protester contre leurs mauvaises conditions de travail et de vie, pour ne pas dire leur exploitation par leurs employeurs. En r\u00e9action, l\u2019administration de l\u2019\u00e9tablissement a fait appel aux forces de l\u2019ordre &hellip;<\/p>\n","protected":false},"author":2,"featured_media":2677,"comment_status":"open","ping_status":"open","sticky":false,"template":"","format":"standard","meta":{"footnotes":""},"categories":[18,15,2],"tags":[],"class_list":["post-2675","post","type-post","status-publish","format-standard","has-post-thumbnail","hentry","category-actualites","category-culture","category-economie"],"_links":{"self":[{"href":"https:\/\/ladepeche.mr\/index.php?rest_route=\/wp\/v2\/posts\/2675","targetHints":{"allow":["GET"]}}],"collection":[{"href":"https:\/\/ladepeche.mr\/index.php?rest_route=\/wp\/v2\/posts"}],"about":[{"href":"https:\/\/ladepeche.mr\/index.php?rest_route=\/wp\/v2\/types\/post"}],"author":[{"embeddable":true,"href":"https:\/\/ladepeche.mr\/index.php?rest_route=\/wp\/v2\/users\/2"}],"replies":[{"embeddable":true,"href":"https:\/\/ladepeche.mr\/index.php?rest_route=%2Fwp%2Fv2%2Fcomments&post=2675"}],"version-history":[{"count":1,"href":"https:\/\/ladepeche.mr\/index.php?rest_route=\/wp\/v2\/posts\/2675\/revisions"}],"predecessor-version":[{"id":2676,"href":"https:\/\/ladepeche.mr\/index.php?rest_route=\/wp\/v2\/posts\/2675\/revisions\/2676"}],"wp:featuredmedia":[{"embeddable":true,"href":"https:\/\/ladepeche.mr\/index.php?rest_route=\/wp\/v2\/media\/2677"}],"wp:attachment":[{"href":"https:\/\/ladepeche.mr\/index.php?rest_route=%2Fwp%2Fv2%2Fmedia&parent=2675"}],"wp:term":[{"taxonomy":"category","embeddable":true,"href":"https:\/\/ladepeche.mr\/index.php?rest_route=%2Fwp%2Fv2%2Fcategories&post=2675"},{"taxonomy":"post_tag","embeddable":true,"href":"https:\/\/ladepeche.mr\/index.php?rest_route=%2Fwp%2Fv2%2Ftags&post=2675"}],"curies":[{"name":"wp","href":"https:\/\/api.w.org\/{rel}","templated":true}]}}