{"id":2678,"date":"2022-10-29T16:18:01","date_gmt":"2022-10-29T16:18:01","guid":{"rendered":"https:\/\/ladepeche.mr\/?p=2678"},"modified":"2022-10-29T16:18:01","modified_gmt":"2022-10-29T16:18:01","slug":"mattel-services-execrables","status":"publish","type":"post","link":"https:\/\/ladepeche.mr\/?p=2678","title":{"rendered":"Mattel : Services ex\u00e9crables"},"content":{"rendered":"<p>Les usagers des services de t\u00e9l\u00e9phonie cellulaire \u00abMattel \u00bb sont d\u00e9sabus\u00e9s face \u00e0 de multiples d\u00e9convenues. Entre coupures impromptues sur le r\u00e9seau, difficult\u00e9s d\u2019\u00e9tablir des contacts t\u00e9l\u00e9phoniques ou m\u00eame recharger des cartes, le client ne sait plus o\u00f9 donner de la t\u00eate.<br \/>\nRappelos que lors de la derni\u00e8re enqu\u00eate de l\u2019Autorit\u00e9 de R\u00e9gulation, la Mattel avait \u00e9pingl\u00e9 pour d\u00e9faillance de service de qualit\u00e9 de voix dans 36 villes et localit\u00e9s et le Data dans 24 villes et 10 axes routiers.<br \/>\nLe service ne semble pas s\u2019am\u00e9liorer et les taxes pas contraignantes pour les op\u00e9rateurs du cellulaire. <\/p>\n","protected":false},"excerpt":{"rendered":"<p>Les usagers des services de t\u00e9l\u00e9phonie cellulaire \u00abMattel \u00bb sont d\u00e9sabus\u00e9s face \u00e0 de multiples d\u00e9convenues. Entre coupures impromptues sur le r\u00e9seau, difficult\u00e9s d\u2019\u00e9tablir des contacts t\u00e9l\u00e9phoniques ou m\u00eame recharger des cartes, le client ne sait plus o\u00f9 donner de la t\u00eate. Rappelos que lors de la derni\u00e8re enqu\u00eate de l\u2019Autorit\u00e9 de R\u00e9gulation, la Mattel &hellip;<\/p>\n","protected":false},"author":2,"featured_media":2679,"comment_status":"open","ping_status":"open","sticky":false,"template":"","format":"standard","meta":{"footnotes":""},"categories":[26],"tags":[],"class_list":["post-2678","post","type-post","status-publish","format-standard","has-post-thumbnail","hentry","category-en-panne"],"_links":{"self":[{"href":"https:\/\/ladepeche.mr\/index.php?rest_route=\/wp\/v2\/posts\/2678","targetHints":{"allow":["GET"]}}],"collection":[{"href":"https:\/\/ladepeche.mr\/index.php?rest_route=\/wp\/v2\/posts"}],"about":[{"href":"https:\/\/ladepeche.mr\/index.php?rest_route=\/wp\/v2\/types\/post"}],"author":[{"embeddable":true,"href":"https:\/\/ladepeche.mr\/index.php?rest_route=\/wp\/v2\/users\/2"}],"replies":[{"embeddable":true,"href":"https:\/\/ladepeche.mr\/index.php?rest_route=%2Fwp%2Fv2%2Fcomments&post=2678"}],"version-history":[{"count":1,"href":"https:\/\/ladepeche.mr\/index.php?rest_route=\/wp\/v2\/posts\/2678\/revisions"}],"predecessor-version":[{"id":2680,"href":"https:\/\/ladepeche.mr\/index.php?rest_route=\/wp\/v2\/posts\/2678\/revisions\/2680"}],"wp:featuredmedia":[{"embeddable":true,"href":"https:\/\/ladepeche.mr\/index.php?rest_route=\/wp\/v2\/media\/2679"}],"wp:attachment":[{"href":"https:\/\/ladepeche.mr\/index.php?rest_route=%2Fwp%2Fv2%2Fmedia&parent=2678"}],"wp:term":[{"taxonomy":"category","embeddable":true,"href":"https:\/\/ladepeche.mr\/index.php?rest_route=%2Fwp%2Fv2%2Fcategories&post=2678"},{"taxonomy":"post_tag","embeddable":true,"href":"https:\/\/ladepeche.mr\/index.php?rest_route=%2Fwp%2Fv2%2Ftags&post=2678"}],"curies":[{"name":"wp","href":"https:\/\/api.w.org\/{rel}","templated":true}]}}