{"id":2693,"date":"2022-10-29T21:56:17","date_gmt":"2022-10-29T21:56:17","guid":{"rendered":"https:\/\/ladepeche.mr\/?p=2693"},"modified":"2022-10-29T22:01:15","modified_gmt":"2022-10-29T22:01:15","slug":"politique-ghazouani-vs-aziz-portraits-croises","status":"publish","type":"post","link":"https:\/\/ladepeche.mr\/?p=2693","title":{"rendered":"Politique : Ghazouani vs Aziz, portraits crois\u00e9s !"},"content":{"rendered":"<p>Difficile de comparer deux hommes qui, malgr\u00e9 les similitudes de leurs r\u00e9gimes, conservent, chacun, son propre profil. Quelle perception a aujourd\u2019hui l\u2019opinion publique, \u00e0 une encablure de prochaines \u00e9lections, de chacun de ces deux fr\u00e8res \u00abennemis\u00bb ?<\/p>\n<p>Il serait d\u2019embl\u00e9e injuste de faire le parall\u00e8le d\u2019un pr\u00e9sident en exercice, m\u00eame s\u2019il n\u2019a pas peut-\u00eatre brill\u00e9 par son action, et un autre d\u00e9chu qui, nonobstant sa pr\u00e9somption d\u2019innocence, est poursuivi pour ind\u00e9licatesse avec les ressources publiques. <\/p>\n<p>M\u00eame les plus pessimistes ne pensaient pas, un moment, que les fr\u00e8res d\u2019armes qu\u2019\u00e9taient le pr\u00e9sident Mohamed Ghazouani et son pr\u00e9d\u00e9cesseur et ami de 40 ans, Mohamed Abdel Aziz, allaient en arriver \u00e0 ce stade d\u2019animosit\u00e9 politique. Au contraire, la relation semblait \u00eatre faite pour durer. Alors \u00e0 qui la faute dans ce divorce consomm\u00e9?<\/p>\n<p><strong>Tentative avort\u00e9e de prendre le pr\u00e9sident par la bride !<\/strong><\/p>\n<p>Il est tr\u00e8s certainement ais\u00e9 de dire qu\u2019au lendemain de l\u2019\u00e9lection du pr\u00e9sident Ghazouani, en ao\u00fbt 2019, l\u2019ancien pr\u00e9sident, Mohamed Ould Abdelaziz, \u00e9tait tent\u00e9, par ses actes, de faire ombrage \u00e0 son ami et de continuer dans l\u2019ombre \u00e0 man\u0153uvrer comme v\u00e9ritable timonier. Mais comme il le sait sans doute plus que d\u2019autres, \u00ab le pouvoir ne se partage pas\u00bb. Et le \u00abmarabout \u00bb n\u2019entendait certainement pas s\u2019en faire compter. Une atmosph\u00e8re qui a vite eu raison de la fraternit\u00e9 entre les deux hommes avant d\u2019\u00e9clore au grand jour avec la lutte pour la mainmise sur le parti \u00ab UPR \u00bb (rebaptis\u00e9 INSAF) et la mise en place de la commission d\u2019enqu\u00eate parlementaire qui visait l\u2019ancien pr\u00e9sident et marquait de fer un point de non-retour entre les deux hommes. En se cr\u00e9ant beaucoup d\u2019ennemis, l\u2019ancien pr\u00e9sident Aziz n\u2019en attendait certainement pas de cadeau. Nous le vivons \u00e0 chaque changement politique, quand le taureau tombe, les couteaux sortent !<br \/>\nLa suite des p\u00e9rip\u00e9ties judiciaires de l\u2019affaire dite de la \u00abd\u00e9cennie\u00bb a compl\u00e8tement enfonc\u00e9 le clou dans cette relation cit\u00e9e en \u00abexemple\u00bb, notamment depuis la balle amie de \u00ab Tweyla \u00bb mais elle finira par se ponctuer par l\u2019embastillement de l\u2019ancien pr\u00e9sident dans une r\u00e9sidence surveill\u00e9e \u00e0 Nouakchott de juin 2021 \u00e0 septembre 2022. <\/p>\n<p><strong>\u00ab Moufisidines \u00bb, le cheval de Troie dans le syst\u00e8me Ghazouani<\/strong><\/p>\n<p>Dans ce qui tient d\u2019enqu\u00eate Ould Abdelaziz est pratiquement -si l\u2019on exclut son entourage familial direct- le seul homme au box des accus\u00e9s. Sur une liste de 300 personnes dont ses plus proches collaborateurs qui ne juraient que par lui, l\u2019affaire se focalisait uniquement sur l\u2019ancien pr\u00e9sident. D\u2019o\u00f9 une perception au sein de l\u2019opinion publique d\u2019une \u00abjustice \u00e0 deux vitesses\u00bb et d\u2019un r\u00e8glement de compte \u00abpolitique\u00bb. De quoi \u00e9gayer l\u2019ancien pr\u00e9sident qui tenait coute que coute \u00e0 transformer son cas en une affaire de harc\u00e8lement politique. C\u2019est d\u2019ailleurs le maitre-mot de sa tourn\u00e9e en Europe depuis sa lib\u00e9ration apr\u00e8s la fin du d\u00e9lai l\u00e9gal de r\u00e9sidence surveill\u00e9e, le 14 septembre dernier.  <\/p>\n<p><strong>Aziz toujours bien vu par une certaine opinion<\/strong><\/p>\n<p>Rien n\u2019y fait, la communication du pr\u00e9sident Mohamed Ghazouani est plomb\u00e9e depuis le d\u00e9but. Malgr\u00e9 ses promesses (Taahoudati) et son engagement personnel \u00e0 moraliser la vie publique, le pr\u00e9sident Ghazouani, d\u00e9j\u00e0 peu g\u00e2t\u00e9 par les circonstances \u00e0 son av\u00e8nement aux commandes du pays (h\u00e9ritage de l\u2019ancien pr\u00e9sident, Covid19 et maintenant crise ukrainienne) a fait des choix impopulaires avec la r\u00e9habilitation des principaux collaborateurs de l\u2019ancien pr\u00e9sident. Les erreurs fatales du pr\u00e9sident en exercice alors que sa communication reste d\u00e9sastreuse donnant l\u2019impression que l\u2019enqu\u00eate judiciaire sur les deniers publics pendant la d\u00e9cennie \u00e9coul\u00e9e ne concernait que Aziz. Ce dernier pourtant, en apparences, bien plus belliqueux que le pr\u00e9sident Ghazouani, soup\u00e7onn\u00e9 de pacifisme, semble toujours appr\u00e9ci\u00e9 dans l\u2019opinion. Pour le commun des mortels, son \u00abbilan\u00bb, ses \u00ab r\u00e9alisations \u00bb dans tous les domaines de la vie publique, occulteraient, dans l\u2019opinion, les accusations dont il est accabl\u00e9 aujourd\u2019hui.<br \/>\nL\u2019ancien pr\u00e9sident en est conscient et c\u2019est pour cette raison qu\u2019il cherche toujours \u2013sa tourn\u00e9e en Europe en est une manifestation- \u00e0 garder le lieu de proximit\u00e9 avec ses compatriotes. \u00abJe continuerai \u00e0 jouer un r\u00f4le politique \u00bb a-t-il dit comme pour narguer le r\u00e9gime en place appelant de tous ses v\u0153ux un proc\u00e8s \u00ab juste et \u00e9quitable \u00bb pour se blanchir. Les relations entre Ghazouani et Aziz -les deux hommes sont n\u00e9s en d\u00e9cembre 1956- ne risquent pas de se normaliser sous peu.<\/p>\n","protected":false},"excerpt":{"rendered":"<p>Difficile de comparer deux hommes qui, malgr\u00e9 les similitudes de leurs r\u00e9gimes, conservent, chacun, son propre profil. Quelle perception a aujourd\u2019hui l\u2019opinion publique, \u00e0 une encablure de prochaines \u00e9lections, de chacun de ces deux fr\u00e8res \u00abennemis\u00bb ? Il serait d\u2019embl\u00e9e injuste de faire le parall\u00e8le d\u2019un pr\u00e9sident en exercice, m\u00eame s\u2019il n\u2019a pas peut-\u00eatre brill\u00e9 &hellip;<\/p>\n","protected":false},"author":2,"featured_media":2694,"comment_status":"open","ping_status":"open","sticky":false,"template":"","format":"standard","meta":{"footnotes":""},"categories":[18],"tags":[],"class_list":["post-2693","post","type-post","status-publish","format-standard","has-post-thumbnail","hentry","category-actualites"],"_links":{"self":[{"href":"https:\/\/ladepeche.mr\/index.php?rest_route=\/wp\/v2\/posts\/2693","targetHints":{"allow":["GET"]}}],"collection":[{"href":"https:\/\/ladepeche.mr\/index.php?rest_route=\/wp\/v2\/posts"}],"about":[{"href":"https:\/\/ladepeche.mr\/index.php?rest_route=\/wp\/v2\/types\/post"}],"author":[{"embeddable":true,"href":"https:\/\/ladepeche.mr\/index.php?rest_route=\/wp\/v2\/users\/2"}],"replies":[{"embeddable":true,"href":"https:\/\/ladepeche.mr\/index.php?rest_route=%2Fwp%2Fv2%2Fcomments&post=2693"}],"version-history":[{"count":6,"href":"https:\/\/ladepeche.mr\/index.php?rest_route=\/wp\/v2\/posts\/2693\/revisions"}],"predecessor-version":[{"id":2700,"href":"https:\/\/ladepeche.mr\/index.php?rest_route=\/wp\/v2\/posts\/2693\/revisions\/2700"}],"wp:featuredmedia":[{"embeddable":true,"href":"https:\/\/ladepeche.mr\/index.php?rest_route=\/wp\/v2\/media\/2694"}],"wp:attachment":[{"href":"https:\/\/ladepeche.mr\/index.php?rest_route=%2Fwp%2Fv2%2Fmedia&parent=2693"}],"wp:term":[{"taxonomy":"category","embeddable":true,"href":"https:\/\/ladepeche.mr\/index.php?rest_route=%2Fwp%2Fv2%2Fcategories&post=2693"},{"taxonomy":"post_tag","embeddable":true,"href":"https:\/\/ladepeche.mr\/index.php?rest_route=%2Fwp%2Fv2%2Ftags&post=2693"}],"curies":[{"name":"wp","href":"https:\/\/api.w.org\/{rel}","templated":true}]}}