{"id":2709,"date":"2022-10-30T09:30:00","date_gmt":"2022-10-30T09:30:00","guid":{"rendered":"https:\/\/ladepeche.mr\/?p=2709"},"modified":"2022-10-29T23:33:17","modified_gmt":"2022-10-29T23:33:17","slug":"respect-de-letat-de-droit-la-mauritanie-dans-le-ventre-mou-du-classement-africain-du-world-justice-project","status":"publish","type":"post","link":"https:\/\/ladepeche.mr\/?p=2709","title":{"rendered":"Respect de l\u2019Etat de droit : La Mauritanie dans le ventre mou du classement africain du World Justice Project"},"content":{"rendered":"<p>La Mauritanie se retrouve dans le ventre mou du classement du World Justice Project pour l\u2019\u00e9dition de son rapport 2022. La Mauritanie est class\u00e9e 35\u00e8me sur une liste concernant 38 pays africains. Elle devance dans ce classement le Cameroun, l\u2019Egypte et la RDC.<br \/>\nLes r\u00e9sultats de cette enqu\u00eate sur du WJP sont \u00e9tablis suite \u00e0 des enqu\u00eates aupr\u00e8s de \u00ab 154 000 m\u00e9nages et de 3 600 juristes et experts \u00bb.<br \/>\nSelon le World Justice Project, \u00ab l&#8217;adh\u00e9sion \u00e0 l&#8217;\u00c9tat de droit a diminu\u00e9 dans 61 % des pays en 2021 \u00bb et particuli\u00e8rement en Afrique o\u00f9 seuls 9 pays ont un score de la moiti\u00e9 sur l\u2019\u00e9chelle de l\u2019\u00abIndice sur l\u2019Etat de droit 2022 \u00bb, qui mesure l\u2019adh\u00e9sion \u00e0 l\u2019Etat de droit dans 140 pays du monde.<\/p>\n","protected":false},"excerpt":{"rendered":"<p>La Mauritanie se retrouve dans le ventre mou du classement du World Justice Project pour l\u2019\u00e9dition de son rapport 2022. La Mauritanie est class\u00e9e 35\u00e8me sur une liste concernant 38 pays africains. Elle devance dans ce classement le Cameroun, l\u2019Egypte et la RDC. Les r\u00e9sultats de cette enqu\u00eate sur du WJP sont \u00e9tablis suite \u00e0 &hellip;<\/p>\n","protected":false},"author":2,"featured_media":2710,"comment_status":"open","ping_status":"open","sticky":false,"template":"","format":"standard","meta":{"footnotes":""},"categories":[18],"tags":[],"class_list":["post-2709","post","type-post","status-publish","format-standard","has-post-thumbnail","hentry","category-actualites"],"_links":{"self":[{"href":"https:\/\/ladepeche.mr\/index.php?rest_route=\/wp\/v2\/posts\/2709","targetHints":{"allow":["GET"]}}],"collection":[{"href":"https:\/\/ladepeche.mr\/index.php?rest_route=\/wp\/v2\/posts"}],"about":[{"href":"https:\/\/ladepeche.mr\/index.php?rest_route=\/wp\/v2\/types\/post"}],"author":[{"embeddable":true,"href":"https:\/\/ladepeche.mr\/index.php?rest_route=\/wp\/v2\/users\/2"}],"replies":[{"embeddable":true,"href":"https:\/\/ladepeche.mr\/index.php?rest_route=%2Fwp%2Fv2%2Fcomments&post=2709"}],"version-history":[{"count":1,"href":"https:\/\/ladepeche.mr\/index.php?rest_route=\/wp\/v2\/posts\/2709\/revisions"}],"predecessor-version":[{"id":2711,"href":"https:\/\/ladepeche.mr\/index.php?rest_route=\/wp\/v2\/posts\/2709\/revisions\/2711"}],"wp:featuredmedia":[{"embeddable":true,"href":"https:\/\/ladepeche.mr\/index.php?rest_route=\/wp\/v2\/media\/2710"}],"wp:attachment":[{"href":"https:\/\/ladepeche.mr\/index.php?rest_route=%2Fwp%2Fv2%2Fmedia&parent=2709"}],"wp:term":[{"taxonomy":"category","embeddable":true,"href":"https:\/\/ladepeche.mr\/index.php?rest_route=%2Fwp%2Fv2%2Fcategories&post=2709"},{"taxonomy":"post_tag","embeddable":true,"href":"https:\/\/ladepeche.mr\/index.php?rest_route=%2Fwp%2Fv2%2Ftags&post=2709"}],"curies":[{"name":"wp","href":"https:\/\/api.w.org\/{rel}","templated":true}]}}