{"id":2720,"date":"2022-10-31T13:28:53","date_gmt":"2022-10-31T13:28:53","guid":{"rendered":"https:\/\/ladepeche.mr\/?p=2720"},"modified":"2022-10-31T13:28:53","modified_gmt":"2022-10-31T13:28:53","slug":"armee-quelles-sont-les-circonstances-du-deces-dun-eleve-officier-en-formation","status":"publish","type":"post","link":"https:\/\/ladepeche.mr\/?p=2720","title":{"rendered":"Arm\u00e9e: quelles sont les circonstances du d\u00e9c\u00e8s d\u2019un \u00e9l\u00e8ve officier en formation"},"content":{"rendered":"<p>AHMED MOHAMED Mahmoud AHMED, dit Kar, 21 ans, \u00e9l\u00e8ve-officier aurait trouv\u00e9 la mort jeudi dernier au lendemain de son arriv\u00e9e, le 24 octobre 2022, \u00e0 Nouadhibou, r\u00e9v\u00e8lent des sources sur les m\u00e9dias sociaux.<br \/>\nLe disparu devait subir ainsi que cinq autres \u00e9l\u00e8ves-officiers sortant de l\u2019Ecole Polytechnique de Nouakchott, une formation d\u2019ing\u00e9nieur.<br \/>\nLe procureur de la R\u00e9publique dans notre capitale \u00e9conomique aurait \u00e9t\u00e9 saisi pour faire la lumi\u00e8re sur les circonstances du d\u00e9c\u00e8s de l\u2019\u00e9l\u00e8ve-officier.<\/p>\n","protected":false},"excerpt":{"rendered":"<p>AHMED MOHAMED Mahmoud AHMED, dit Kar, 21 ans, \u00e9l\u00e8ve-officier aurait trouv\u00e9 la mort jeudi dernier au lendemain de son arriv\u00e9e, le 24 octobre 2022, \u00e0 Nouadhibou, r\u00e9v\u00e8lent des sources sur les m\u00e9dias sociaux. Le disparu devait subir ainsi que cinq autres \u00e9l\u00e8ves-officiers sortant de l\u2019Ecole Polytechnique de Nouakchott, une formation d\u2019ing\u00e9nieur. Le procureur de la &hellip;<\/p>\n","protected":false},"author":2,"featured_media":2721,"comment_status":"open","ping_status":"open","sticky":false,"template":"","format":"standard","meta":{"footnotes":""},"categories":[18],"tags":[],"class_list":["post-2720","post","type-post","status-publish","format-standard","has-post-thumbnail","hentry","category-actualites"],"_links":{"self":[{"href":"https:\/\/ladepeche.mr\/index.php?rest_route=\/wp\/v2\/posts\/2720","targetHints":{"allow":["GET"]}}],"collection":[{"href":"https:\/\/ladepeche.mr\/index.php?rest_route=\/wp\/v2\/posts"}],"about":[{"href":"https:\/\/ladepeche.mr\/index.php?rest_route=\/wp\/v2\/types\/post"}],"author":[{"embeddable":true,"href":"https:\/\/ladepeche.mr\/index.php?rest_route=\/wp\/v2\/users\/2"}],"replies":[{"embeddable":true,"href":"https:\/\/ladepeche.mr\/index.php?rest_route=%2Fwp%2Fv2%2Fcomments&post=2720"}],"version-history":[{"count":1,"href":"https:\/\/ladepeche.mr\/index.php?rest_route=\/wp\/v2\/posts\/2720\/revisions"}],"predecessor-version":[{"id":2722,"href":"https:\/\/ladepeche.mr\/index.php?rest_route=\/wp\/v2\/posts\/2720\/revisions\/2722"}],"wp:featuredmedia":[{"embeddable":true,"href":"https:\/\/ladepeche.mr\/index.php?rest_route=\/wp\/v2\/media\/2721"}],"wp:attachment":[{"href":"https:\/\/ladepeche.mr\/index.php?rest_route=%2Fwp%2Fv2%2Fmedia&parent=2720"}],"wp:term":[{"taxonomy":"category","embeddable":true,"href":"https:\/\/ladepeche.mr\/index.php?rest_route=%2Fwp%2Fv2%2Fcategories&post=2720"},{"taxonomy":"post_tag","embeddable":true,"href":"https:\/\/ladepeche.mr\/index.php?rest_route=%2Fwp%2Fv2%2Ftags&post=2720"}],"curies":[{"name":"wp","href":"https:\/\/api.w.org\/{rel}","templated":true}]}}