{"id":2723,"date":"2022-10-31T13:46:21","date_gmt":"2022-10-31T13:46:21","guid":{"rendered":"https:\/\/ladepeche.mr\/?p=2723"},"modified":"2022-10-31T13:46:21","modified_gmt":"2022-10-31T13:46:21","slug":"faits-divers-un-mauritanien-condamne-a-mort-au-mali-pour-le-meurtre-de-son-compatriote","status":"publish","type":"post","link":"https:\/\/ladepeche.mr\/?p=2723","title":{"rendered":"Faits divers: Un mauritanien condamn\u00e9 \u00e0 mort au Mali pour le meurtre de son compatriote"},"content":{"rendered":"<p>Un mauritanien du nom de Mohamed dit Tata Khoureichi a \u00e9t\u00e9 condamn\u00e9 pour le meurtre, en avril 2019, de son compatriote un \u00e9leveur du nom de Mohamed Ould Ahmed.<br \/>\nSelon des sources m\u00e9diatiques, l&#8217;auteur du crime \u00e9tait jug\u00e9 pour Association de malfaiteurs avec ses co-accus\u00e9s dont chacun a \u00e9cop\u00e9 de 7 ans de r\u00e9clusion criminelle chacun. Les condamn\u00e9s auraient tu\u00e9 Mohamed Ould Ahmed avant de lui voler 15 millions de FCFA.<\/p>\n<p>La victime \u00e9tait install\u00e9e au Mali o\u00f9 elle s&#8217;adonnait \u00e0 l\u2019\u00e9levage et en \u00e9coulait souvent lors des foires hebdomadaires de vente de b\u00e9tail.<\/p>\n","protected":false},"excerpt":{"rendered":"<p>Un mauritanien du nom de Mohamed dit Tata Khoureichi a \u00e9t\u00e9 condamn\u00e9 pour le meurtre, en avril 2019, de son compatriote un \u00e9leveur du nom de Mohamed Ould Ahmed. Selon des sources m\u00e9diatiques, l&#8217;auteur du crime \u00e9tait jug\u00e9 pour Association de malfaiteurs avec ses co-accus\u00e9s dont chacun a \u00e9cop\u00e9 de 7 ans de r\u00e9clusion criminelle &hellip;<\/p>\n","protected":false},"author":2,"featured_media":2725,"comment_status":"open","ping_status":"open","sticky":false,"template":"","format":"standard","meta":{"footnotes":""},"categories":[18,28],"tags":[],"class_list":["post-2723","post","type-post","status-publish","format-standard","has-post-thumbnail","hentry","category-actualites","category-sahel"],"_links":{"self":[{"href":"https:\/\/ladepeche.mr\/index.php?rest_route=\/wp\/v2\/posts\/2723","targetHints":{"allow":["GET"]}}],"collection":[{"href":"https:\/\/ladepeche.mr\/index.php?rest_route=\/wp\/v2\/posts"}],"about":[{"href":"https:\/\/ladepeche.mr\/index.php?rest_route=\/wp\/v2\/types\/post"}],"author":[{"embeddable":true,"href":"https:\/\/ladepeche.mr\/index.php?rest_route=\/wp\/v2\/users\/2"}],"replies":[{"embeddable":true,"href":"https:\/\/ladepeche.mr\/index.php?rest_route=%2Fwp%2Fv2%2Fcomments&post=2723"}],"version-history":[{"count":1,"href":"https:\/\/ladepeche.mr\/index.php?rest_route=\/wp\/v2\/posts\/2723\/revisions"}],"predecessor-version":[{"id":2724,"href":"https:\/\/ladepeche.mr\/index.php?rest_route=\/wp\/v2\/posts\/2723\/revisions\/2724"}],"wp:featuredmedia":[{"embeddable":true,"href":"https:\/\/ladepeche.mr\/index.php?rest_route=\/wp\/v2\/media\/2725"}],"wp:attachment":[{"href":"https:\/\/ladepeche.mr\/index.php?rest_route=%2Fwp%2Fv2%2Fmedia&parent=2723"}],"wp:term":[{"taxonomy":"category","embeddable":true,"href":"https:\/\/ladepeche.mr\/index.php?rest_route=%2Fwp%2Fv2%2Fcategories&post=2723"},{"taxonomy":"post_tag","embeddable":true,"href":"https:\/\/ladepeche.mr\/index.php?rest_route=%2Fwp%2Fv2%2Ftags&post=2723"}],"curies":[{"name":"wp","href":"https:\/\/api.w.org\/{rel}","templated":true}]}}