{"id":2727,"date":"2022-10-31T14:00:05","date_gmt":"2022-10-31T14:00:05","guid":{"rendered":"https:\/\/ladepeche.mr\/?p=2727"},"modified":"2022-10-31T14:00:40","modified_gmt":"2022-10-31T14:00:40","slug":"guelb-richat-classe-parmi-les-100-premiers-sites-geologiques","status":"publish","type":"post","link":"https:\/\/ladepeche.mr\/?p=2727","title":{"rendered":"Guelb Richat, class\u00e9 parmi les 100 premiers sites g\u00e9ologiques au monde"},"content":{"rendered":"<p>Ghelb Richat ou l\u2019\u0153il de l\u2019Afrique, situ\u00e9 dans le nord de la Mauritanie, pr\u00e9sent\u00e9 \u00e0 l\u2019IUGS de Zumaia, pays Basque espagnol, a \u00e9t\u00e9 class\u00e9 parmi les 100 premiers sites du patrimoine g\u00e9ologique de l\u2019Humanit\u00e9.<br \/>\nCette curiosit\u00e9 naturelle qui attire des chercheurs et visiteurs du monde entier est le seul site s\u00e9lectionn\u00e9 dans toute l\u2019Afrique de l\u2019Ouest.<\/p>\n","protected":false},"excerpt":{"rendered":"<p>Ghelb Richat ou l\u2019\u0153il de l\u2019Afrique, situ\u00e9 dans le nord de la Mauritanie, pr\u00e9sent\u00e9 \u00e0 l\u2019IUGS de Zumaia, pays Basque espagnol, a \u00e9t\u00e9 class\u00e9 parmi les 100 premiers sites du patrimoine g\u00e9ologique de l\u2019Humanit\u00e9. Cette curiosit\u00e9 naturelle qui attire des chercheurs et visiteurs du monde entier est le seul site s\u00e9lectionn\u00e9 dans toute l\u2019Afrique de &hellip;<\/p>\n","protected":false},"author":2,"featured_media":2728,"comment_status":"open","ping_status":"open","sticky":false,"template":"","format":"standard","meta":{"footnotes":""},"categories":[25],"tags":[],"class_list":["post-2727","post","type-post","status-publish","format-standard","has-post-thumbnail","hentry","category-en-forme"],"_links":{"self":[{"href":"https:\/\/ladepeche.mr\/index.php?rest_route=\/wp\/v2\/posts\/2727","targetHints":{"allow":["GET"]}}],"collection":[{"href":"https:\/\/ladepeche.mr\/index.php?rest_route=\/wp\/v2\/posts"}],"about":[{"href":"https:\/\/ladepeche.mr\/index.php?rest_route=\/wp\/v2\/types\/post"}],"author":[{"embeddable":true,"href":"https:\/\/ladepeche.mr\/index.php?rest_route=\/wp\/v2\/users\/2"}],"replies":[{"embeddable":true,"href":"https:\/\/ladepeche.mr\/index.php?rest_route=%2Fwp%2Fv2%2Fcomments&post=2727"}],"version-history":[{"count":2,"href":"https:\/\/ladepeche.mr\/index.php?rest_route=\/wp\/v2\/posts\/2727\/revisions"}],"predecessor-version":[{"id":2730,"href":"https:\/\/ladepeche.mr\/index.php?rest_route=\/wp\/v2\/posts\/2727\/revisions\/2730"}],"wp:featuredmedia":[{"embeddable":true,"href":"https:\/\/ladepeche.mr\/index.php?rest_route=\/wp\/v2\/media\/2728"}],"wp:attachment":[{"href":"https:\/\/ladepeche.mr\/index.php?rest_route=%2Fwp%2Fv2%2Fmedia&parent=2727"}],"wp:term":[{"taxonomy":"category","embeddable":true,"href":"https:\/\/ladepeche.mr\/index.php?rest_route=%2Fwp%2Fv2%2Fcategories&post=2727"},{"taxonomy":"post_tag","embeddable":true,"href":"https:\/\/ladepeche.mr\/index.php?rest_route=%2Fwp%2Fv2%2Ftags&post=2727"}],"curies":[{"name":"wp","href":"https:\/\/api.w.org\/{rel}","templated":true}]}}