{"id":2731,"date":"2022-10-31T15:12:48","date_gmt":"2022-10-31T15:12:48","guid":{"rendered":"https:\/\/ladepeche.mr\/?p=2731"},"modified":"2022-10-31T15:12:48","modified_gmt":"2022-10-31T15:12:48","slug":"la-presidence-de-la-republique-annonce-la-designation-des-membres-de-la-ceni","status":"publish","type":"post","link":"https:\/\/ladepeche.mr\/?p=2731","title":{"rendered":"La Pr\u00e9sidence de la R\u00e9publique annonce la d\u00e9signation des membres de la CENI"},"content":{"rendered":"<p>La Pr\u00e9sidence de la R\u00e9publique annonce<\/p>\n<p>\u2013 En couronnement de l\u2019accord politique issu de la concertation entre le gouvernement et les partis politiques en date du 26 septembre 2022 ;<\/p>\n<p>\u2013 Apr\u00e8s avoir pris connaissance du communiqu\u00e9 de la Commission \u00e9lectorale nationale ind\u00e9pendante rendu le 3 octobre 2022,<\/p>\n<p>\u2013 Sur la base des propositions de la majorit\u00e9 et de l\u2019opposition en date du 31 octobre 2022,<\/p>\n<p>\u2013 En application des dispositions de la loi n\u00b0 027 \u2013 2012 du 12 avril 2012 modifi\u00e9e portant cr\u00e9ation de la Commission \u00e9lectorale nationale ind\u00e9pendante, notamment en son article six (nouveau).<\/p>\n<p>\u2013 Et en application des dispositions de l\u2019article 4 du d\u00e9cret n\u00b0 055-2018 du 28 mars 2018, pr\u00e9cisant les modalit\u00e9s de nomination des membres de la Commission \u00e9lectorale nationale ind\u00e9pendante :<\/p>\n<p>Les personnes dont les noms suivent ont \u00e9t\u00e9 nomm\u00e9es membres de la Commission \u00e9lectorale nationale ind\u00e9pendante :<\/p>\n<p>1) Ebbe Ould Mbari<\/p>\n<p>2) Dah Ould Abdel Jelil<\/p>\n<p>3) Babocar Souley<\/p>\n<p>4) Baba Ould Boumeiss<\/p>\n<p>5) Bilal Ould Werzeg<\/p>\n<p>6) Djeinaba Tandia<\/p>\n<p>7) Koumba Sy<\/p>\n<p>8) Lamina Mohamed Bouya Momme<\/p>\n<p>9) Mohamed Lemine Ould Dahi<\/p>\n<p>10) Mohamed Mokhtar Melil<\/p>\n<p>11) Moulaye Ould Brahim<br \/>\nAmi<\/p>\n","protected":false},"excerpt":{"rendered":"<p>La Pr\u00e9sidence de la R\u00e9publique annonce \u2013 En couronnement de l\u2019accord politique issu de la concertation entre le gouvernement et les partis politiques en date du 26 septembre 2022 ; \u2013 Apr\u00e8s avoir pris connaissance du communiqu\u00e9 de la Commission \u00e9lectorale nationale ind\u00e9pendante rendu le 3 octobre 2022, \u2013 Sur la base des propositions de &hellip;<\/p>\n","protected":false},"author":2,"featured_media":2733,"comment_status":"open","ping_status":"open","sticky":false,"template":"","format":"standard","meta":{"footnotes":""},"categories":[18],"tags":[],"class_list":["post-2731","post","type-post","status-publish","format-standard","has-post-thumbnail","hentry","category-actualites"],"_links":{"self":[{"href":"https:\/\/ladepeche.mr\/index.php?rest_route=\/wp\/v2\/posts\/2731","targetHints":{"allow":["GET"]}}],"collection":[{"href":"https:\/\/ladepeche.mr\/index.php?rest_route=\/wp\/v2\/posts"}],"about":[{"href":"https:\/\/ladepeche.mr\/index.php?rest_route=\/wp\/v2\/types\/post"}],"author":[{"embeddable":true,"href":"https:\/\/ladepeche.mr\/index.php?rest_route=\/wp\/v2\/users\/2"}],"replies":[{"embeddable":true,"href":"https:\/\/ladepeche.mr\/index.php?rest_route=%2Fwp%2Fv2%2Fcomments&post=2731"}],"version-history":[{"count":1,"href":"https:\/\/ladepeche.mr\/index.php?rest_route=\/wp\/v2\/posts\/2731\/revisions"}],"predecessor-version":[{"id":2732,"href":"https:\/\/ladepeche.mr\/index.php?rest_route=\/wp\/v2\/posts\/2731\/revisions\/2732"}],"wp:featuredmedia":[{"embeddable":true,"href":"https:\/\/ladepeche.mr\/index.php?rest_route=\/wp\/v2\/media\/2733"}],"wp:attachment":[{"href":"https:\/\/ladepeche.mr\/index.php?rest_route=%2Fwp%2Fv2%2Fmedia&parent=2731"}],"wp:term":[{"taxonomy":"category","embeddable":true,"href":"https:\/\/ladepeche.mr\/index.php?rest_route=%2Fwp%2Fv2%2Fcategories&post=2731"},{"taxonomy":"post_tag","embeddable":true,"href":"https:\/\/ladepeche.mr\/index.php?rest_route=%2Fwp%2Fv2%2Ftags&post=2731"}],"curies":[{"name":"wp","href":"https:\/\/api.w.org\/{rel}","templated":true}]}}