{"id":2737,"date":"2022-10-31T19:34:00","date_gmt":"2022-10-31T19:34:00","guid":{"rendered":"https:\/\/ladepeche.mr\/?p=2737"},"modified":"2022-10-31T19:34:00","modified_gmt":"2022-10-31T19:34:00","slug":"presage-dune-faible-croissance-en-2022-le-fmi-depeche-une-mission-a-nouakchott","status":"publish","type":"post","link":"https:\/\/ladepeche.mr\/?p=2737","title":{"rendered":"Pr\u00e9sage d\u2019une faible croissance en 2022: Le FMI d\u00e9p\u00eache une mission \u00e0 Nouakchott"},"content":{"rendered":"<p>Le ministre des finances, Isselmou Ould Mohamed M\u2019Badi a re\u00e7u en audience, lundi \u00e0 Nouakchott, une mission du Fonds mon\u00e9taire international (FMI), conduite par Felix Fischer.<br \/>\nCette mission intervient alors que le FMI vient de publier des projections de croissance pour 2022 et o\u00f9 notre pays devrait, selon lui, r\u00e9aliser une croissance tr\u00e8s faible estim\u00e9e de l\u2019ordre de 0,8%.<br \/>\nLa faiblesse de la croissance ainsi point\u00e9e par le FMI serait li\u00e9e, avec d\u2019autres raisons endog\u00e8nes, au co\u00fbt faramineux des mati\u00e8res premi\u00e8res, \u00e0 l\u2019impact des crises internationales (Ukraine) et au progr\u00e8s limit\u00e9  de  la  vaccination anticovid.<br \/>\nCette panoplie de crit\u00e8res concernerait aussi d\u2019autres pays dans la m\u00eame situation que le n\u00f4tre \u00e0 savoir le Djibouti, la Somalie et le Y\u00e9men.<br \/>\nL\u2019entrevue entre le ministre des finances et les missionnaires du FMI s\u2019est d\u00e9roul\u00e9e en pr\u00e9sence de Fall Khayar, directeur g\u00e9n\u00e9ral du Budget et de la repr\u00e9sentante du Fond en Mauritanie Anta Ndoye. <\/p>\n","protected":false},"excerpt":{"rendered":"<p>Le ministre des finances, Isselmou Ould Mohamed M\u2019Badi a re\u00e7u en audience, lundi \u00e0 Nouakchott, une mission du Fonds mon\u00e9taire international (FMI), conduite par Felix Fischer. Cette mission intervient alors que le FMI vient de publier des projections de croissance pour 2022 et o\u00f9 notre pays devrait, selon lui, r\u00e9aliser une croissance tr\u00e8s faible estim\u00e9e &hellip;<\/p>\n","protected":false},"author":2,"featured_media":2739,"comment_status":"open","ping_status":"open","sticky":false,"template":"","format":"standard","meta":{"footnotes":""},"categories":[18,2],"tags":[],"class_list":["post-2737","post","type-post","status-publish","format-standard","has-post-thumbnail","hentry","category-actualites","category-economie"],"_links":{"self":[{"href":"https:\/\/ladepeche.mr\/index.php?rest_route=\/wp\/v2\/posts\/2737","targetHints":{"allow":["GET"]}}],"collection":[{"href":"https:\/\/ladepeche.mr\/index.php?rest_route=\/wp\/v2\/posts"}],"about":[{"href":"https:\/\/ladepeche.mr\/index.php?rest_route=\/wp\/v2\/types\/post"}],"author":[{"embeddable":true,"href":"https:\/\/ladepeche.mr\/index.php?rest_route=\/wp\/v2\/users\/2"}],"replies":[{"embeddable":true,"href":"https:\/\/ladepeche.mr\/index.php?rest_route=%2Fwp%2Fv2%2Fcomments&post=2737"}],"version-history":[{"count":1,"href":"https:\/\/ladepeche.mr\/index.php?rest_route=\/wp\/v2\/posts\/2737\/revisions"}],"predecessor-version":[{"id":2738,"href":"https:\/\/ladepeche.mr\/index.php?rest_route=\/wp\/v2\/posts\/2737\/revisions\/2738"}],"wp:featuredmedia":[{"embeddable":true,"href":"https:\/\/ladepeche.mr\/index.php?rest_route=\/wp\/v2\/media\/2739"}],"wp:attachment":[{"href":"https:\/\/ladepeche.mr\/index.php?rest_route=%2Fwp%2Fv2%2Fmedia&parent=2737"}],"wp:term":[{"taxonomy":"category","embeddable":true,"href":"https:\/\/ladepeche.mr\/index.php?rest_route=%2Fwp%2Fv2%2Fcategories&post=2737"},{"taxonomy":"post_tag","embeddable":true,"href":"https:\/\/ladepeche.mr\/index.php?rest_route=%2Fwp%2Fv2%2Ftags&post=2737"}],"curies":[{"name":"wp","href":"https:\/\/api.w.org\/{rel}","templated":true}]}}