{"id":2740,"date":"2022-11-01T00:02:31","date_gmt":"2022-11-01T00:02:31","guid":{"rendered":"https:\/\/ladepeche.mr\/?p=2740"},"modified":"2022-11-01T14:24:17","modified_gmt":"2022-11-01T14:24:17","slug":"elections-anticipees-dah-ould-abdeljelil-aux-commandes-de-la-ceni","status":"publish","type":"post","link":"https:\/\/ladepeche.mr\/?p=2740","title":{"rendered":"\u00c9lections anticip\u00e9es:  Dah Ould Abdeljelil aux commandes de la CENI"},"content":{"rendered":"<p>On ne pr\u00e9sente certainement plus Dah Ould Abdeljelil. Issu de la premi\u00e8re g\u00e9n\u00e9ration des Kadihines, il n\u2019est pas n\u00e9 de la derni\u00e8re pluie. V\u00e9ritable renard politique, Dah Ould Abdel Jelil devrait, sans grandes emb\u00fbches, se mouvoir sous cet habit en m\u00e9nageant les protagonistes.<br \/>\nMaintes fois gouverneur de r\u00e9gion et puissant ministre de l\u2019Int\u00e9rieur sous Maaouya Ould Taya, DG de la SMCP, et Co-fondateur du parti ADIL sous Sidi Ould Cheikh Abdallahi, c\u2019est un pur produit de l\u2019Administration mais il est aussi connu pour \u00eatre courtois et m\u00e9thodique. Il a particip\u00e9 au front contre le putsch qui avait renvers\u00e9 feu Sidioca en 2008. Il a donc connu une longue travers\u00e9e du d\u00e9sert sous l\u2019\u00e8re de l\u2019ex-pr\u00e9sident Aziz.<br \/>\nIl empochera 2 millions anciens par mois pour cette mission.<\/p>\n","protected":false},"excerpt":{"rendered":"<p>On ne pr\u00e9sente certainement plus Dah Ould Abdeljelil. Issu de la premi\u00e8re g\u00e9n\u00e9ration des Kadihines, il n\u2019est pas n\u00e9 de la derni\u00e8re pluie. V\u00e9ritable renard politique, Dah Ould Abdel Jelil devrait, sans grandes emb\u00fbches, se mouvoir sous cet habit en m\u00e9nageant les protagonistes. Maintes fois gouverneur de r\u00e9gion et puissant ministre de l\u2019Int\u00e9rieur sous Maaouya &hellip;<\/p>\n","protected":false},"author":2,"featured_media":2741,"comment_status":"open","ping_status":"open","sticky":false,"template":"","format":"standard","meta":{"footnotes":""},"categories":[18,25],"tags":[],"class_list":["post-2740","post","type-post","status-publish","format-standard","has-post-thumbnail","hentry","category-actualites","category-en-forme"],"_links":{"self":[{"href":"https:\/\/ladepeche.mr\/index.php?rest_route=\/wp\/v2\/posts\/2740","targetHints":{"allow":["GET"]}}],"collection":[{"href":"https:\/\/ladepeche.mr\/index.php?rest_route=\/wp\/v2\/posts"}],"about":[{"href":"https:\/\/ladepeche.mr\/index.php?rest_route=\/wp\/v2\/types\/post"}],"author":[{"embeddable":true,"href":"https:\/\/ladepeche.mr\/index.php?rest_route=\/wp\/v2\/users\/2"}],"replies":[{"embeddable":true,"href":"https:\/\/ladepeche.mr\/index.php?rest_route=%2Fwp%2Fv2%2Fcomments&post=2740"}],"version-history":[{"count":1,"href":"https:\/\/ladepeche.mr\/index.php?rest_route=\/wp\/v2\/posts\/2740\/revisions"}],"predecessor-version":[{"id":2742,"href":"https:\/\/ladepeche.mr\/index.php?rest_route=\/wp\/v2\/posts\/2740\/revisions\/2742"}],"wp:featuredmedia":[{"embeddable":true,"href":"https:\/\/ladepeche.mr\/index.php?rest_route=\/wp\/v2\/media\/2741"}],"wp:attachment":[{"href":"https:\/\/ladepeche.mr\/index.php?rest_route=%2Fwp%2Fv2%2Fmedia&parent=2740"}],"wp:term":[{"taxonomy":"category","embeddable":true,"href":"https:\/\/ladepeche.mr\/index.php?rest_route=%2Fwp%2Fv2%2Fcategories&post=2740"},{"taxonomy":"post_tag","embeddable":true,"href":"https:\/\/ladepeche.mr\/index.php?rest_route=%2Fwp%2Fv2%2Ftags&post=2740"}],"curies":[{"name":"wp","href":"https:\/\/api.w.org\/{rel}","templated":true}]}}