{"id":2762,"date":"2022-11-02T15:09:23","date_gmt":"2022-11-02T15:09:23","guid":{"rendered":"https:\/\/ladepeche.mr\/?p=2762"},"modified":"2022-11-02T15:09:23","modified_gmt":"2022-11-02T15:09:23","slug":"le-president-de-la-republique-assiste-a-louverture-de-la-31e-session-ordinaire-du-sommet-arabe","status":"publish","type":"post","link":"https:\/\/ladepeche.mr\/?p=2762","title":{"rendered":"Le Pr\u00e9sident de la R\u00e9publique assiste \u00e0 l\u2019ouverture de la 31e session ordinaire du sommet arabe"},"content":{"rendered":"<p>Les travaux de la 31e session ordinaire du Sommet arabe ont d\u00e9but\u00e9, mardi au Centre international des conf\u00e9rences (CIC), Abdelatif Rahal, \u00e0 Alger.<\/p>\n<p>Un accueil chaleureux et fraternel a \u00e9t\u00e9 r\u00e9serv\u00e9 au Pr\u00e9sident de la R\u00e9publique \u00e0 son arriv\u00e9e au Centre international des conf\u00e9rences (CIC), Abdelatif Rahal par son fr\u00e8re Abdelmadjid Tebboune, pr\u00e9sident de la R\u00e9publique alg\u00e9rienne d\u00e9mocratique populaire s\u0153ur.<br \/>\nLe Sommet d\u2019Alger, appel\u00e9 \u201cSommet de la R\u00e9unification \u00bb, cherche \u00e0 r\u00e9aliser un consensus sur de nombreux probl\u00e8mes et d\u00e9fis auxquels la r\u00e9gion est confront\u00e9e, en particulier ceux li\u00e9s \u00e0 la situation dans un certain nombre de pays arabes, ainsi que la question palestinienne comme question centrale et d\u2019autres dossiers de coop\u00e9ration \u00e9conomique et commerciale.<\/p>\n<p>Dans un discours prononc\u00e9 au d\u00e9but de la session d\u2019ouverture, Son Excellence M. Kais Assaid, Pr\u00e9sident de la trenti\u00e8me session du Conseil de la Ligue des \u00c9tats arabes, a pass\u00e9 en revue les d\u00e9fis auxquels sont confront\u00e9s les \u00c9tats arabes.<\/p>\n<p>Il a, par la suite, appel\u00e9 au rejet des d\u00e9saccords et au renforcement de la coop\u00e9ration entre les diff\u00e9rents pays de la nation arabe.<\/p>\n<p>Le pr\u00e9sident tunisien a \u00e9galement, not\u00e9 que la pand\u00e9mie de coronavirus, la guerre russo-ukrainienne et les changements climatiques, entre autres, ont consid\u00e9rablement affect\u00e9 les pays arabes d\u00e9j\u00e0 confront\u00e9s \u00e0 de nombreux probl\u00e8mes.<\/p>\n<p>Le Pr\u00e9sident Tebboune a pris la pr\u00e9sidence de la 31e session du Sommet arabe, remise par son homologue tunisien, M. Ka\u00efs Sa\u00efed, lors de la s\u00e9ance d\u2019ouverture.<\/p>\n<p>Dans une allocution prononc\u00e9e \u00e0 cette occasion, le Pr\u00e9sident Tebboune a indiqu\u00e9 que le sommet arabe d\u2019Alger se tient dans un contexte r\u00e9gional et international complexe et sensible, marqu\u00e9 notamment par une aggravation des crises et des conflits dans la r\u00e9gion arabe.<\/p>\n<p>M. Tebboune a ajout\u00e9 que les \u00c9tats arabes disposent d\u2019un potentiel financier, humain et \u00e9conomique leur permettant de jouer un r\u00f4le central dans l\u2019\u00e9conomie mondiale, et soulign\u00e9 la n\u00e9cessit\u00e9 de construire un bloc \u00e9conomique arabe qui favoriserait l\u2019int\u00e9gration arabe et profiterait aux peuples de la r\u00e9gion.<\/p>\n<p>Il a appel\u00e9 \u00e0 des r\u00e9formes substantielles du syst\u00e8me de la Ligue qui renforceraient son r\u00f4le et rendraient les \u00c9tats arabes capables de relever divers d\u00e9fis.<\/p>\n<p>Le pr\u00e9sident alg\u00e9rien a propos\u00e9 la cr\u00e9ation d\u2019un comit\u00e9 arabe de liaison et de coordination pour soutenir la cause palestinienne.<\/p>\n<p>\u00c0 son tour, le Secr\u00e9taire g\u00e9n\u00e9ral de la Ligue des \u00c9tats arabes, M. Ahmed Aboul Gheit, a expliqu\u00e9 que la convocation de ce sommet a \u00e9t\u00e9 l\u2019occasion de discuter des diff\u00e9rents d\u00e9fis auxquels sont confront\u00e9s les \u00c9tats arabes et des moyens de faire face aux impacts n\u00e9gatifs des multiples crises internationales qui ont consid\u00e9rablement affect\u00e9 l\u2019\u00e9nergie et l\u2019alimentation.<\/p>\n<p>Il a ajout\u00e9 que les \u00c9tats arabes sont appel\u00e9s \u00e0 \u00e9laborer une strat\u00e9gie pour faire face aux crises multiples et renforcer leur r\u00e9silience aux chocs d\u2019urgence, qui imposerait des plans et programmes participatifs collectifs sur une approche scientifique saine.<br \/>\nAmi<\/p>\n","protected":false},"excerpt":{"rendered":"<p>Les travaux de la 31e session ordinaire du Sommet arabe ont d\u00e9but\u00e9, mardi au Centre international des conf\u00e9rences (CIC), Abdelatif Rahal, \u00e0 Alger. Un accueil chaleureux et fraternel a \u00e9t\u00e9 r\u00e9serv\u00e9 au Pr\u00e9sident de la R\u00e9publique \u00e0 son arriv\u00e9e au Centre international des conf\u00e9rences (CIC), Abdelatif Rahal par son fr\u00e8re Abdelmadjid Tebboune, pr\u00e9sident de la &hellip;<\/p>\n","protected":false},"author":2,"featured_media":2763,"comment_status":"open","ping_status":"open","sticky":false,"template":"","format":"standard","meta":{"footnotes":""},"categories":[18,29],"tags":[],"class_list":["post-2762","post","type-post","status-publish","format-standard","has-post-thumbnail","hentry","category-actualites","category-monde"],"_links":{"self":[{"href":"https:\/\/ladepeche.mr\/index.php?rest_route=\/wp\/v2\/posts\/2762","targetHints":{"allow":["GET"]}}],"collection":[{"href":"https:\/\/ladepeche.mr\/index.php?rest_route=\/wp\/v2\/posts"}],"about":[{"href":"https:\/\/ladepeche.mr\/index.php?rest_route=\/wp\/v2\/types\/post"}],"author":[{"embeddable":true,"href":"https:\/\/ladepeche.mr\/index.php?rest_route=\/wp\/v2\/users\/2"}],"replies":[{"embeddable":true,"href":"https:\/\/ladepeche.mr\/index.php?rest_route=%2Fwp%2Fv2%2Fcomments&post=2762"}],"version-history":[{"count":1,"href":"https:\/\/ladepeche.mr\/index.php?rest_route=\/wp\/v2\/posts\/2762\/revisions"}],"predecessor-version":[{"id":2764,"href":"https:\/\/ladepeche.mr\/index.php?rest_route=\/wp\/v2\/posts\/2762\/revisions\/2764"}],"wp:featuredmedia":[{"embeddable":true,"href":"https:\/\/ladepeche.mr\/index.php?rest_route=\/wp\/v2\/media\/2763"}],"wp:attachment":[{"href":"https:\/\/ladepeche.mr\/index.php?rest_route=%2Fwp%2Fv2%2Fmedia&parent=2762"}],"wp:term":[{"taxonomy":"category","embeddable":true,"href":"https:\/\/ladepeche.mr\/index.php?rest_route=%2Fwp%2Fv2%2Fcategories&post=2762"},{"taxonomy":"post_tag","embeddable":true,"href":"https:\/\/ladepeche.mr\/index.php?rest_route=%2Fwp%2Fv2%2Ftags&post=2762"}],"curies":[{"name":"wp","href":"https:\/\/api.w.org\/{rel}","templated":true}]}}