{"id":2765,"date":"2022-11-02T15:55:55","date_gmt":"2022-11-02T15:55:55","guid":{"rendered":"https:\/\/ladepeche.mr\/?p=2765"},"modified":"2022-11-02T15:55:55","modified_gmt":"2022-11-02T15:55:55","slug":"patrimoine-mondial-un-appel-de-ministres-de-la-culture-africains-pour-ameliorer-la-representativite-du-continent","status":"publish","type":"post","link":"https:\/\/ladepeche.mr\/?p=2765","title":{"rendered":"Patrimoine mondial : un appel de ministres de la Culture africains pour am\u00e9liorer la repr\u00e9sentativit\u00e9 du continent"},"content":{"rendered":"<p><strong>Sous-repr\u00e9sent\u00e9e, par rapport aux autres parties du monde, l\u2019Afrique ne compte que 12 % de sites figurant sur la liste des biens inscrits au patrimoine mondial de l\u2019Unesco. <\/strong><\/p>\n<p>Les ministres de la Culture de huit pays membres de la Communaut\u00e9 \u00e9conomique des \u00c9tats de l\u2019Afrique centrale (CEEAC) se sont engag\u00e9s \u00e0 rehausser la repr\u00e9sentation de l\u2019Afrique au patrimoine mondial de l\u2019humanit\u00e9, alors que les sites africains constituent seulement 12 % de la totalit\u00e9 des biens inscrits sur cette liste.<\/p>\n<p>\u00ab\u2009Nous nous engageons \u00e0 investir et \u00e0 mobiliser des ressources pour am\u00e9liorer les listes indicatives en vue d\u2019\u00e9laborer des dossiers de proposition d\u2019inscription r\u00e9ussis conform\u00e9ment aux orientations en vue d\u2019am\u00e9liorer la repr\u00e9sentativit\u00e9 et cr\u00e9dibilit\u00e9 de la Liste du patrimoine mondial dans la sous-r\u00e9gion\u2009\u00bb, ont-ils d\u00e9clar\u00e9 dans l\u2019Appel \u00e0 l\u2019action de Yaound\u00e9, adopt\u00e9 le 19 octobre dernier \u00e0 l\u2019occasion de la c\u00e9l\u00e9bration du 50e anniversaire r\u00e9gional de la Convention du patrimoine mondial de 1972 en Afrique centrale. <\/p>\n<p>Les signataires appellent la CEEAC \u00e0 soutenir ses \u00c9tats membres, \u00e0 mobiliser ses partenaires et \u00e0 mettre en place une strat\u00e9gie pour faire du patrimoine un levier du d\u00e9veloppement dans la sous-r\u00e9gion, rapporte Stopblablacam. Ils ont \u00e9galement appel\u00e9 l\u2019Organisation des Nations unies pour l\u2019\u00e9ducation, la science et la culture (Unesco) et ses partenaires, notamment le Fonds pour le patrimoine mondial africain (FPMA), \u00e0 les accompagner dans la mise en \u0153uvre de \u00ab\u2009mesures concr\u00e8tes\u2009\u00bb visant \u00e0 renforcer leurs capacit\u00e9s et \u00e0 soutenir leurs efforts d\u2019identification et d\u2019\u00e9laboration des propositions d\u2019inscription sur la Liste du patrimoine mondial.<\/p>\n<p>Ils sollicitent aussi le soutien de l\u2019Unesco pour la mise en \u0153uvre des \u00ab\u2009mesures correctives\u2009\u00bb pour le retrait de leurs biens de la Liste du patrimoine mondial en p\u00e9ril. Les signataires de l\u2019Appel de Yaound\u00e9 ont aussi r\u00e9affirm\u00e9 leur d\u00e9termination \u00e0 prot\u00e9ger le patrimoine culturel et naturel par des actions locales, nationales, r\u00e9gionales et internationales en privil\u00e9giant une approche \u00e9quilibr\u00e9e, tout en r\u00e9pondant aux besoins des jeunes, des peuples autochtones et des communaut\u00e9s locales. Le document affirme par ailleurs la n\u00e9cessit\u00e9 d\u2019exploiter la transformation num\u00e9rique et les opportunit\u00e9s qu\u2019elle offre \u00e0 travers les nouvelles technologies pour promouvoir le patrimoine mondial africain, gr\u00e2ce notamment \u00e0 l\u2019implication des jeunes.<\/p>\n<p>P.N.N<br \/>\nhttps:\/\/www.agenceecofin.com\/gouvernance\/2810-102451-patrimoine-mondial-un-appel-de-ministres-de-la-culture-africains-pour-ameliorer-la-representativite-du-continent<\/p>\n","protected":false},"excerpt":{"rendered":"<p>Sous-repr\u00e9sent\u00e9e, par rapport aux autres parties du monde, l\u2019Afrique ne compte que 12 % de sites figurant sur la liste des biens inscrits au patrimoine mondial de l\u2019Unesco. Les ministres de la Culture de huit pays membres de la Communaut\u00e9 \u00e9conomique des \u00c9tats de l\u2019Afrique centrale (CEEAC) se sont engag\u00e9s \u00e0 rehausser la repr\u00e9sentation de &hellip;<\/p>\n","protected":false},"author":2,"featured_media":2766,"comment_status":"open","ping_status":"open","sticky":false,"template":"","format":"standard","meta":{"footnotes":""},"categories":[15,29],"tags":[],"class_list":["post-2765","post","type-post","status-publish","format-standard","has-post-thumbnail","hentry","category-culture","category-monde"],"_links":{"self":[{"href":"https:\/\/ladepeche.mr\/index.php?rest_route=\/wp\/v2\/posts\/2765","targetHints":{"allow":["GET"]}}],"collection":[{"href":"https:\/\/ladepeche.mr\/index.php?rest_route=\/wp\/v2\/posts"}],"about":[{"href":"https:\/\/ladepeche.mr\/index.php?rest_route=\/wp\/v2\/types\/post"}],"author":[{"embeddable":true,"href":"https:\/\/ladepeche.mr\/index.php?rest_route=\/wp\/v2\/users\/2"}],"replies":[{"embeddable":true,"href":"https:\/\/ladepeche.mr\/index.php?rest_route=%2Fwp%2Fv2%2Fcomments&post=2765"}],"version-history":[{"count":1,"href":"https:\/\/ladepeche.mr\/index.php?rest_route=\/wp\/v2\/posts\/2765\/revisions"}],"predecessor-version":[{"id":2767,"href":"https:\/\/ladepeche.mr\/index.php?rest_route=\/wp\/v2\/posts\/2765\/revisions\/2767"}],"wp:featuredmedia":[{"embeddable":true,"href":"https:\/\/ladepeche.mr\/index.php?rest_route=\/wp\/v2\/media\/2766"}],"wp:attachment":[{"href":"https:\/\/ladepeche.mr\/index.php?rest_route=%2Fwp%2Fv2%2Fmedia&parent=2765"}],"wp:term":[{"taxonomy":"category","embeddable":true,"href":"https:\/\/ladepeche.mr\/index.php?rest_route=%2Fwp%2Fv2%2Fcategories&post=2765"},{"taxonomy":"post_tag","embeddable":true,"href":"https:\/\/ladepeche.mr\/index.php?rest_route=%2Fwp%2Fv2%2Ftags&post=2765"}],"curies":[{"name":"wp","href":"https:\/\/api.w.org\/{rel}","templated":true}]}}