{"id":2778,"date":"2022-11-03T19:36:06","date_gmt":"2022-11-03T19:36:06","guid":{"rendered":"https:\/\/ladepeche.mr\/?p=2778"},"modified":"2022-11-03T19:36:06","modified_gmt":"2022-11-03T19:36:06","slug":"communique-de-presse","status":"publish","type":"post","link":"https:\/\/ladepeche.mr\/?p=2778","title":{"rendered":"COMMUNIQUE DE PRESSE"},"content":{"rendered":"<p>Haut-Commissariat de l\u2019OMVS : Hamed Diane S\u00e9m\u00e9ga passe le t\u00e9moin \u00e0 Mohamed Abdel Vetah<br \/>\nCe Jeudi 03 novembre 2022 \u00e0 9H30 s\u2019est tenue la c\u00e9r\u00e9monie de passation de service entre M. Hamed S\u00e9m\u00e9ga, Haut Commissaire sortant et M. Mohamed Abdel Vetah qui lui succ\u00e8de \u00e0 la t\u00eate de l\u2019Organisation pour la Mise en Valeur du fleuve S\u00e9n\u00e9gal. L\u2019\u00e9v\u00e8nement s\u2019est d\u00e9roul\u00e9 au si\u00e8ge de l\u2019Organisation sis \u00e0 Colobane, sous la pr\u00e9sidence de M. Serigne Mbaye Thiam, ministre de l\u2019Eau et de l\u2019Assainissement du S\u00e9n\u00e9gal, Pr\u00e9sident en exercice du Conseil des ministres de l\u2019OMVS, et en pr\u00e9sence de nombreuses autres personnalit\u00e9s.<br \/>\nAg\u00e9 de 45 ans, le nouveau patron de l\u2019OMVS est docteur en Informatique. Il a dirig\u00e9 de grandes entreprises nationales dans son pays, la R\u00e9publique islamique de Mauritanie, avant d\u2019occuper pendant plusieurs ann\u00e9es le poste de ministre du P\u00e9trole, des Mines et de l\u2019Energie. Dans le cadre de l\u2019exercice de cette fonction minist\u00e9rielle il a pr\u00e9sid\u00e9 le conseil des ministres de l\u2019OMVS. C\u2019est donc en terrain connu que s\u2019avance le Haut Commissaire Mohamed Abdel Vetah, le 8eme depuis la cr\u00e9ation de l\u2019Organisation en mars 1972.<br \/>\nPour rappel le poste de Haut Commissaire est occup\u00e9 alternativement par la Guin\u00e9e, le Mali et la Mauritanie. Son titulaire est nomm\u00e9 par la Conf\u00e9rence des Chefs d\u2019Etat et de Gouvernement de l\u2019OMVS.<br \/>\nLa cellule Communication du Haut commissariat Contact : amayelle.ka@omvs.org<\/p>\n","protected":false},"excerpt":{"rendered":"<p>Haut-Commissariat de l\u2019OMVS : Hamed Diane S\u00e9m\u00e9ga passe le t\u00e9moin \u00e0 Mohamed Abdel Vetah Ce Jeudi 03 novembre 2022 \u00e0 9H30 s\u2019est tenue la c\u00e9r\u00e9monie de passation de service entre M. Hamed S\u00e9m\u00e9ga, Haut Commissaire sortant et M. Mohamed Abdel Vetah qui lui succ\u00e8de \u00e0 la t\u00eate de l\u2019Organisation pour la Mise en Valeur du &hellip;<\/p>\n","protected":false},"author":2,"featured_media":2779,"comment_status":"open","ping_status":"open","sticky":false,"template":"","format":"standard","meta":{"footnotes":""},"categories":[18,29],"tags":[],"class_list":["post-2778","post","type-post","status-publish","format-standard","has-post-thumbnail","hentry","category-actualites","category-monde"],"_links":{"self":[{"href":"https:\/\/ladepeche.mr\/index.php?rest_route=\/wp\/v2\/posts\/2778","targetHints":{"allow":["GET"]}}],"collection":[{"href":"https:\/\/ladepeche.mr\/index.php?rest_route=\/wp\/v2\/posts"}],"about":[{"href":"https:\/\/ladepeche.mr\/index.php?rest_route=\/wp\/v2\/types\/post"}],"author":[{"embeddable":true,"href":"https:\/\/ladepeche.mr\/index.php?rest_route=\/wp\/v2\/users\/2"}],"replies":[{"embeddable":true,"href":"https:\/\/ladepeche.mr\/index.php?rest_route=%2Fwp%2Fv2%2Fcomments&post=2778"}],"version-history":[{"count":1,"href":"https:\/\/ladepeche.mr\/index.php?rest_route=\/wp\/v2\/posts\/2778\/revisions"}],"predecessor-version":[{"id":2780,"href":"https:\/\/ladepeche.mr\/index.php?rest_route=\/wp\/v2\/posts\/2778\/revisions\/2780"}],"wp:featuredmedia":[{"embeddable":true,"href":"https:\/\/ladepeche.mr\/index.php?rest_route=\/wp\/v2\/media\/2779"}],"wp:attachment":[{"href":"https:\/\/ladepeche.mr\/index.php?rest_route=%2Fwp%2Fv2%2Fmedia&parent=2778"}],"wp:term":[{"taxonomy":"category","embeddable":true,"href":"https:\/\/ladepeche.mr\/index.php?rest_route=%2Fwp%2Fv2%2Fcategories&post=2778"},{"taxonomy":"post_tag","embeddable":true,"href":"https:\/\/ladepeche.mr\/index.php?rest_route=%2Fwp%2Fv2%2Ftags&post=2778"}],"curies":[{"name":"wp","href":"https:\/\/api.w.org\/{rel}","templated":true}]}}