{"id":2782,"date":"2022-11-04T11:35:20","date_gmt":"2022-11-04T11:35:20","guid":{"rendered":"https:\/\/ladepeche.mr\/?p=2782"},"modified":"2022-11-04T20:26:13","modified_gmt":"2022-11-04T20:26:13","slug":"communications-electroniques-un-chiffre-daffaires-de-plus-de-105-milliards-mr0-en-2021-rapport","status":"publish","type":"post","link":"https:\/\/ladepeche.mr\/?p=2782","title":{"rendered":"Communications \u00e9lectroniques : Un chiffre d\u2019affaires de plus de 105 milliards MR0 en 2021 (rapport)"},"content":{"rendered":"<p>Le secteur des communications \u00e9lectroniques, en hausse de 7% en 2021, enregistre un chiffre d\u2019affaires de plus de 105 milliards MRO, r\u00e9v\u00e8le l\u2019Autorit\u00e9 de R\u00e9gulation dans son dernier rapport rendu public le 28 octobre 2022.<br \/>\nDans l\u2019analyse pr\u00e9sent\u00e9e de la situation des t\u00e9l\u00e9communications \u00e9lectroniques en Mauritanie, il s\u2019av\u00e8re que \u00abla diffusion de la t\u00e9l\u00e9phonie mobile, en croissance de 12%, se poursuit, d\u00e9passant largement la barre des 100% de taux de p\u00e9n\u00e9tration. Celui de l\u2019internet, en progression de 14%, se situe, lui, \u00e0 76% \u00bb.<br \/>\nMais si le constat souligne que la voix est en baisse de 7%, les revenus de la data connaitraient une croissance de 29% pour un trafic en hausse de 96%.<br \/>\nLe d\u00e9veloppement de la date impose \u00e0 l\u2019Are de revoir \u00abses m\u00e9thodes de travail et son organisation face au d\u00e9veloppement de la data et au march\u00e9 nouveau qu\u2019elle est en train de faire \u00e9merger \u00bb assure son dernier rapport.<br \/>\nLe parc total d\u2019abonn\u00e9s actifs (fixe et mobile) enregistre lui aussi \u00ab une progression de 12% en 2021, g\u00e9n\u00e9r\u00e9e par le segment mobile, et passe de 5,8 \u00e0 6,5 millions d\u2019abonn\u00e9s \u00bb alors que \u00ab le taux de p\u00e9n\u00e9tration correspondant s\u2019\u00e9tablit \u00e0 153% en 2021 contre 140% en 2020 \u00bb.<br \/>\nTout cela est \u00e9videmment tir\u00e9 par le \u00ab renouvellement des licences 3G de Mauritel et Chinguitel, celui de la 2G de Chinguitel, et l\u2019octroi de 23 autorisations g\u00e9n\u00e9rales dont une vingtaine pour des fournisseurs d\u2019acc\u00e8s \u00e0 Internet\u2026\u00bb.<br \/>\nIl faut dire que malgr\u00e9 les sanctions appliqu\u00e9es aux op\u00e9rateurs, pour le respect des engagements de leurs cahiers de charges, la r\u00e9cidive est souvent point\u00e9e notamment en termes de couvertures et de la qualit\u00e9 des appels sur les trois r\u00e9seaux de t\u00e9l\u00e9phonie cellulaire. L\u2019Are devrait encore se pencher sur des mesures plus draconiennes pour faire respecter de telles exigences.<br \/>\nNotons enfin que selon ce rapport l\u2019\u00e9tat financier de la gestion de l\u2019Are ferait ressortir un exc\u00e8dent de 30 516 497 MR0.<\/p>\n","protected":false},"excerpt":{"rendered":"<p>Le secteur des communications \u00e9lectroniques, en hausse de 7% en 2021, enregistre un chiffre d\u2019affaires de plus de 105 milliards MRO, r\u00e9v\u00e8le l\u2019Autorit\u00e9 de R\u00e9gulation dans son dernier rapport rendu public le 28 octobre 2022. Dans l\u2019analyse pr\u00e9sent\u00e9e de la situation des t\u00e9l\u00e9communications \u00e9lectroniques en Mauritanie, il s\u2019av\u00e8re que \u00abla diffusion de la t\u00e9l\u00e9phonie mobile, &hellip;<\/p>\n","protected":false},"author":2,"featured_media":2783,"comment_status":"open","ping_status":"open","sticky":false,"template":"","format":"standard","meta":{"footnotes":""},"categories":[18,2],"tags":[],"class_list":["post-2782","post","type-post","status-publish","format-standard","has-post-thumbnail","hentry","category-actualites","category-economie"],"_links":{"self":[{"href":"https:\/\/ladepeche.mr\/index.php?rest_route=\/wp\/v2\/posts\/2782","targetHints":{"allow":["GET"]}}],"collection":[{"href":"https:\/\/ladepeche.mr\/index.php?rest_route=\/wp\/v2\/posts"}],"about":[{"href":"https:\/\/ladepeche.mr\/index.php?rest_route=\/wp\/v2\/types\/post"}],"author":[{"embeddable":true,"href":"https:\/\/ladepeche.mr\/index.php?rest_route=\/wp\/v2\/users\/2"}],"replies":[{"embeddable":true,"href":"https:\/\/ladepeche.mr\/index.php?rest_route=%2Fwp%2Fv2%2Fcomments&post=2782"}],"version-history":[{"count":2,"href":"https:\/\/ladepeche.mr\/index.php?rest_route=\/wp\/v2\/posts\/2782\/revisions"}],"predecessor-version":[{"id":2791,"href":"https:\/\/ladepeche.mr\/index.php?rest_route=\/wp\/v2\/posts\/2782\/revisions\/2791"}],"wp:featuredmedia":[{"embeddable":true,"href":"https:\/\/ladepeche.mr\/index.php?rest_route=\/wp\/v2\/media\/2783"}],"wp:attachment":[{"href":"https:\/\/ladepeche.mr\/index.php?rest_route=%2Fwp%2Fv2%2Fmedia&parent=2782"}],"wp:term":[{"taxonomy":"category","embeddable":true,"href":"https:\/\/ladepeche.mr\/index.php?rest_route=%2Fwp%2Fv2%2Fcategories&post=2782"},{"taxonomy":"post_tag","embeddable":true,"href":"https:\/\/ladepeche.mr\/index.php?rest_route=%2Fwp%2Fv2%2Ftags&post=2782"}],"curies":[{"name":"wp","href":"https:\/\/api.w.org\/{rel}","templated":true}]}}