{"id":2787,"date":"2022-11-04T16:29:07","date_gmt":"2022-11-04T16:29:07","guid":{"rendered":"https:\/\/ladepeche.mr\/?p=2787"},"modified":"2022-11-04T16:29:07","modified_gmt":"2022-11-04T16:29:07","slug":"forum-africain-de-linvestissement-la-mauritanie-en-quete-dun-financement-de-13-millions-usd-pour-booster-sa-production-en-fer","status":"publish","type":"post","link":"https:\/\/ladepeche.mr\/?p=2787","title":{"rendered":"Forum Africain de l\u2019investissement: La Mauritanie en qu\u00eate d\u2019un financement de 1,3 millions Usd pour booster sa production en fer"},"content":{"rendered":"<p>\u00ab\u00a0La participation mauritanienne vise \u00e0 attirer des investissements d&#8217;une valeur de 1,3 milliard de dollars pour produire 11,3 millions de tonnes de minerai de fer\u00a0\u00bb indique un communiqu\u00e9 du MAEPSP relatif \u00e0 l&#8217;\u00e9dition 2022 du Forum Africain de l&#8217;Investissement, tenue \u00e0 Abidjan ; En C\u00f4te d&#8217;Ivoire du 2 au 4 novembre.<br \/>\nLa rencontre est organis\u00e9e par la Banque Africaine de D\u00e9veloppement (BAD) sous le titre &#8220;Investissement durable pour renforcer la r\u00e9silience \u00e9conomique&#8221;.<br \/>\nPlusieurs chefs d&#8217;\u00c9tat et repr\u00e9sentants de gouvernements mais aussi des dirigeants de l&#8217;industrie et de l&#8217;investissement prenaient part \u00e0 ce forum, pour nouer des accords.<br \/>\nLa d\u00e9l\u00e9gation mauritanienne, elle, pr\u00e9sente au forum comprenait outre le Secr\u00e9taire G\u00e9n\u00e9ral du Minist\u00e8re des Affaires Economiques et de la Promotion des Secteurs Productifs, Yacoub Ould AhmedAicha, l&#8217;ambassadeur de notre pays en C\u00f4te d&#8217;Ivoire, Mohamed Abdallah Khatra, l\u2019ADG de la SNIM) M. Mohamed Val Tleimidi et le chef de projet minier Alouj, Mokhtar Salem Taleb.<br \/>\nL&#8217;African Investment Forum est une plate-forme multilat\u00e9rale et interdisciplinaire, rappelle-ton, d\u00e9di\u00e9e \u00e0 la promotion des partenariats public-priv\u00e9, \u00e0 lever des capitaux et suivi des investissements souscrits dans ces transactions nou\u00e9es.<br \/>\nLanc\u00e9 pour la premi\u00e8re fois en 2018, le forum, premier march\u00e9 d&#8217;investissement en Afrique, avait suscit\u00e9 l&#8217;int\u00e9r\u00eat des investisseurs avec 52 transactions d&#8217;une valeur de 40,1 milliards de dollars provenant de 25 pays.<\/p>\n","protected":false},"excerpt":{"rendered":"<p>\u00ab\u00a0La participation mauritanienne vise \u00e0 attirer des investissements d&#8217;une valeur de 1,3 milliard de dollars pour produire 11,3 millions de tonnes de minerai de fer\u00a0\u00bb indique un communiqu\u00e9 du MAEPSP relatif \u00e0 l&#8217;\u00e9dition 2022 du Forum Africain de l&#8217;Investissement, tenue \u00e0 Abidjan ; En C\u00f4te d&#8217;Ivoire du 2 au 4 novembre. La rencontre est organis\u00e9e &hellip;<\/p>\n","protected":false},"author":2,"featured_media":2789,"comment_status":"open","ping_status":"open","sticky":false,"template":"","format":"standard","meta":{"footnotes":""},"categories":[18,2,29],"tags":[],"class_list":["post-2787","post","type-post","status-publish","format-standard","has-post-thumbnail","hentry","category-actualites","category-economie","category-monde"],"_links":{"self":[{"href":"https:\/\/ladepeche.mr\/index.php?rest_route=\/wp\/v2\/posts\/2787","targetHints":{"allow":["GET"]}}],"collection":[{"href":"https:\/\/ladepeche.mr\/index.php?rest_route=\/wp\/v2\/posts"}],"about":[{"href":"https:\/\/ladepeche.mr\/index.php?rest_route=\/wp\/v2\/types\/post"}],"author":[{"embeddable":true,"href":"https:\/\/ladepeche.mr\/index.php?rest_route=\/wp\/v2\/users\/2"}],"replies":[{"embeddable":true,"href":"https:\/\/ladepeche.mr\/index.php?rest_route=%2Fwp%2Fv2%2Fcomments&post=2787"}],"version-history":[{"count":2,"href":"https:\/\/ladepeche.mr\/index.php?rest_route=\/wp\/v2\/posts\/2787\/revisions"}],"predecessor-version":[{"id":2790,"href":"https:\/\/ladepeche.mr\/index.php?rest_route=\/wp\/v2\/posts\/2787\/revisions\/2790"}],"wp:featuredmedia":[{"embeddable":true,"href":"https:\/\/ladepeche.mr\/index.php?rest_route=\/wp\/v2\/media\/2789"}],"wp:attachment":[{"href":"https:\/\/ladepeche.mr\/index.php?rest_route=%2Fwp%2Fv2%2Fmedia&parent=2787"}],"wp:term":[{"taxonomy":"category","embeddable":true,"href":"https:\/\/ladepeche.mr\/index.php?rest_route=%2Fwp%2Fv2%2Fcategories&post=2787"},{"taxonomy":"post_tag","embeddable":true,"href":"https:\/\/ladepeche.mr\/index.php?rest_route=%2Fwp%2Fv2%2Ftags&post=2787"}],"curies":[{"name":"wp","href":"https:\/\/api.w.org\/{rel}","templated":true}]}}