{"id":2838,"date":"2022-11-09T15:43:28","date_gmt":"2022-11-09T15:43:28","guid":{"rendered":"https:\/\/ladepeche.mr\/?p=2838"},"modified":"2022-11-09T15:44:19","modified_gmt":"2022-11-09T15:44:19","slug":"urgent-congo-un-ressortissant-mauritanien-trouve-la-mort-suite-a-une-attaque-criminelle","status":"publish","type":"post","link":"https:\/\/ladepeche.mr\/?p=2838","title":{"rendered":"Urgent- Congo: Un ressortissant mauritanien trouve la mort suite \u00e0 une attaque criminelle"},"content":{"rendered":"<p>Un ressortissant mauritanien r\u00e9pondant au nom de Mokhtar Bouyahned est d\u00e9c\u00e9d\u00e9 suite \u00e0 un acte criminel.<br \/>\nLa victime s\u00e9journait dans ce pays d\u2019Afrique centrale. On ne lui connaissait aucune relation trouble.<br \/>\nL\u2019information de son d\u00e9c\u00e8s suite \u00e0 un acte criminel odieux a \u00e9t\u00e9 confirm\u00e9e dans un tweet du ministre des affaires \u00e9trang\u00e8res, de la coop\u00e9ration et des mauritaniens de l\u2019ext\u00e9rieur qui ne s\u2019est pas prononc\u00e9 sur les conditions du rapatriement de la d\u00e9pouille.<br \/>\nDans ce message, le ministre a n\u00e9anmoins pr\u00e9sent\u00e9 ses condol\u00e9ances aux proches de la victime.<\/p>\n","protected":false},"excerpt":{"rendered":"<p>Un ressortissant mauritanien r\u00e9pondant au nom de Mokhtar Bouyahned est d\u00e9c\u00e9d\u00e9 suite \u00e0 un acte criminel. La victime s\u00e9journait dans ce pays d\u2019Afrique centrale. On ne lui connaissait aucune relation trouble. L\u2019information de son d\u00e9c\u00e8s suite \u00e0 un acte criminel odieux a \u00e9t\u00e9 confirm\u00e9e dans un tweet du ministre des affaires \u00e9trang\u00e8res, de la coop\u00e9ration &hellip;<\/p>\n","protected":false},"author":2,"featured_media":2840,"comment_status":"open","ping_status":"open","sticky":false,"template":"","format":"standard","meta":{"footnotes":""},"categories":[18,29],"tags":[],"class_list":["post-2838","post","type-post","status-publish","format-standard","has-post-thumbnail","hentry","category-actualites","category-monde"],"_links":{"self":[{"href":"https:\/\/ladepeche.mr\/index.php?rest_route=\/wp\/v2\/posts\/2838","targetHints":{"allow":["GET"]}}],"collection":[{"href":"https:\/\/ladepeche.mr\/index.php?rest_route=\/wp\/v2\/posts"}],"about":[{"href":"https:\/\/ladepeche.mr\/index.php?rest_route=\/wp\/v2\/types\/post"}],"author":[{"embeddable":true,"href":"https:\/\/ladepeche.mr\/index.php?rest_route=\/wp\/v2\/users\/2"}],"replies":[{"embeddable":true,"href":"https:\/\/ladepeche.mr\/index.php?rest_route=%2Fwp%2Fv2%2Fcomments&post=2838"}],"version-history":[{"count":2,"href":"https:\/\/ladepeche.mr\/index.php?rest_route=\/wp\/v2\/posts\/2838\/revisions"}],"predecessor-version":[{"id":2841,"href":"https:\/\/ladepeche.mr\/index.php?rest_route=\/wp\/v2\/posts\/2838\/revisions\/2841"}],"wp:featuredmedia":[{"embeddable":true,"href":"https:\/\/ladepeche.mr\/index.php?rest_route=\/wp\/v2\/media\/2840"}],"wp:attachment":[{"href":"https:\/\/ladepeche.mr\/index.php?rest_route=%2Fwp%2Fv2%2Fmedia&parent=2838"}],"wp:term":[{"taxonomy":"category","embeddable":true,"href":"https:\/\/ladepeche.mr\/index.php?rest_route=%2Fwp%2Fv2%2Fcategories&post=2838"},{"taxonomy":"post_tag","embeddable":true,"href":"https:\/\/ladepeche.mr\/index.php?rest_route=%2Fwp%2Fv2%2Ftags&post=2838"}],"curies":[{"name":"wp","href":"https:\/\/api.w.org\/{rel}","templated":true}]}}