{"id":2845,"date":"2022-11-11T14:30:14","date_gmt":"2022-11-11T14:30:14","guid":{"rendered":"https:\/\/ladepeche.mr\/?p=2845"},"modified":"2022-11-11T16:09:42","modified_gmt":"2022-11-11T16:09:42","slug":"affaire-du-contrat-darmement-au-senegal-qui-tente-dimpliquer-m-l-chaafi","status":"publish","type":"post","link":"https:\/\/ladepeche.mr\/?p=2845","title":{"rendered":"\u00ab\u00a0 Affaire du contrat d\u2019armement au S\u00e9n\u00e9gal\u00a0\u00bb: Qui tente d\u2019impliquer M.L Chaafi"},"content":{"rendered":"<p>\u00abL\u2019affaire\u00a0\u00bb -comme la pr\u00e9sente l\u2019opposition s\u00e9n\u00e9galaise- d\u2019un contrat d\u2019armement de 45 milliards de Fcfa continue d\u2019accaparer l\u2019opinion publique dans ce pays voisin. Mieux elle se propage dans nos fronti\u00e8res avec la citation du nom de notre compatriote Limam Chaafi par un m\u00e9dia s\u00e9n\u00e9galais: LE T\u00e9moin.<br \/>\nCe dernier \u00e9voque \u00abune interm\u00e9diation\u00a0\u00bb de notre compatriote et l\u2019homme par qui le scandale viendrait, Aboubacar Hima . Des all\u00e9gations vite d\u00e9menties par Moustapha Limam Chaafi qui dit ne pas tremper dans ce genre d\u2019affaire.<br \/>\nContact\u00e9 par nos confr\u00e8res de \u00ab\u00a0Confidentiel Afrique\u00a0\u00bb M.L. Chaafi rejette du revers de la main les accusations du m\u00e9dia s\u00e9n\u00e9galais et atteste \u00ab\u00a0ne pas \u00eatre impliqu\u00e9 de pr\u00e8s ou de loin\u00a0\u00bb dans ce suppos\u00e9 contrat d\u2019armement. \u00ab\u00a0Je ne connais pas le ministre Abdoulaye Daouda Diallo,\u00a0 encore moins Abdoul Karim SALL. Je n\u2019ai introduit personne au S\u00e9n\u00e9gal pour un quelconque contrat de march\u00e9 >> aurait notamment confi\u00e9 M.L.Chaafi dans cet entretien o\u00f9 il pr\u00e9ciserait aussi ne pas avoir de relations de proximit\u00e9 avec Aboubacar Hima Alias Petit Boub\u00e9. Les deux hommes se seraient rencontr\u00e9s une seule fois, il y a longtemps au  Niger&#8230;.\u00e0 l\u2019occasion d\u2019une c\u00e9r\u00e9monie familiale \u00e0 Niamey\u00a0\u00bb. Pas suffisant \u00e9videmment pour nouer des d\u00e9ductions comme l\u2019on vite fait nos confr\u00e8res de \u00abLe T\u00e9moin\u00a0\u00bb dans leur assertion visant \u00e0 \u00e9tablir \u00abune implication\u00a0\u00bb de M.L. Chaafi dans cette \u00e9ventuelle affaire.<br \/>\nM.L.Chaafi est surtout victime de sa r\u00e9putation de facilitation des crises d\u2019otages europ\u00e9ens dont il s\u2019est toujours acquitt\u00e9 pour une issue heureuse pour les victimes. Il est aussi victime d\u2019\u00eatre bien introduit dans tous les palais africains. De l\u00e0 \u00e0 s\u2019aventurer sur le train glissant de la vente des armes, il y a une limite que M.L.Chaafi ne franchira pas&#8230;pour l\u2019argent du monde.<\/p>\n","protected":false},"excerpt":{"rendered":"<p>\u00abL\u2019affaire\u00a0\u00bb -comme la pr\u00e9sente l\u2019opposition s\u00e9n\u00e9galaise- d\u2019un contrat d\u2019armement de 45 milliards de Fcfa continue d\u2019accaparer l\u2019opinion publique dans ce pays voisin. Mieux elle se propage dans nos fronti\u00e8res avec la citation du nom de notre compatriote Limam Chaafi par un m\u00e9dia s\u00e9n\u00e9galais: LE T\u00e9moin. Ce dernier \u00e9voque \u00abune interm\u00e9diation\u00a0\u00bb de notre compatriote et l\u2019homme &hellip;<\/p>\n","protected":false},"author":2,"featured_media":2847,"comment_status":"open","ping_status":"open","sticky":false,"template":"","format":"standard","meta":{"footnotes":""},"categories":[18,29],"tags":[],"class_list":["post-2845","post","type-post","status-publish","format-standard","has-post-thumbnail","hentry","category-actualites","category-monde"],"_links":{"self":[{"href":"https:\/\/ladepeche.mr\/index.php?rest_route=\/wp\/v2\/posts\/2845","targetHints":{"allow":["GET"]}}],"collection":[{"href":"https:\/\/ladepeche.mr\/index.php?rest_route=\/wp\/v2\/posts"}],"about":[{"href":"https:\/\/ladepeche.mr\/index.php?rest_route=\/wp\/v2\/types\/post"}],"author":[{"embeddable":true,"href":"https:\/\/ladepeche.mr\/index.php?rest_route=\/wp\/v2\/users\/2"}],"replies":[{"embeddable":true,"href":"https:\/\/ladepeche.mr\/index.php?rest_route=%2Fwp%2Fv2%2Fcomments&post=2845"}],"version-history":[{"count":4,"href":"https:\/\/ladepeche.mr\/index.php?rest_route=\/wp\/v2\/posts\/2845\/revisions"}],"predecessor-version":[{"id":2850,"href":"https:\/\/ladepeche.mr\/index.php?rest_route=\/wp\/v2\/posts\/2845\/revisions\/2850"}],"wp:featuredmedia":[{"embeddable":true,"href":"https:\/\/ladepeche.mr\/index.php?rest_route=\/wp\/v2\/media\/2847"}],"wp:attachment":[{"href":"https:\/\/ladepeche.mr\/index.php?rest_route=%2Fwp%2Fv2%2Fmedia&parent=2845"}],"wp:term":[{"taxonomy":"category","embeddable":true,"href":"https:\/\/ladepeche.mr\/index.php?rest_route=%2Fwp%2Fv2%2Fcategories&post=2845"},{"taxonomy":"post_tag","embeddable":true,"href":"https:\/\/ladepeche.mr\/index.php?rest_route=%2Fwp%2Fv2%2Ftags&post=2845"}],"curies":[{"name":"wp","href":"https:\/\/api.w.org\/{rel}","templated":true}]}}