{"id":2860,"date":"2022-11-12T14:10:40","date_gmt":"2022-11-12T14:10:40","guid":{"rendered":"https:\/\/ladepeche.mr\/?p=2860"},"modified":"2022-11-12T14:10:40","modified_gmt":"2022-11-12T14:10:40","slug":"hapa-cloture-dune-formation-sur-la-lutte-contre-desinformation","status":"publish","type":"post","link":"https:\/\/ladepeche.mr\/?p=2860","title":{"rendered":"HAPA : Cl\u00f4ture d\u2019une formation sur la lutte contre d\u00e9sinformation"},"content":{"rendered":"<p>Les travaux d\u2019une session de formation, organis\u00e9e par haute Autorit\u00e9 de la Presse et de l\u2019Audiovisuel (HAPA) avec le concours de la coop\u00e9ration fran\u00e7aise et l\u2019association M\u00e9dias &#038; D\u00e9mocratie, dans le but de renforcer les capacit\u00e9s des journalistes professionnels, des cadres des principaux m\u00e9dias nationaux et des r\u00e9gulateurs de la HAPA sur la v\u00e9rification des faits et la lutte contre la d\u00e9sinformation, ont pris fin, vendredi, \u00e0 Nouakchott.<\/p>\n<p>Cinq jours durant, les participants ont re\u00e7u de nombreuses pr\u00e9sentations th\u00e9oriques et appliqu\u00e9es sur les m\u00e9canismes de lutte contre les fausses nouvelles dans les m\u00e9dias en g\u00e9n\u00e9ral, et les nouveaux m\u00e9dias (r\u00e9seaux sociaux) en particulier, par le directeur de la Tor School of Journalism, M. Laurent Bego.<\/p>\n<p>Dans son mot de cl\u00f4ture, le pr\u00e9sident de la HAPA, M. El Houssein Ould Meddou, a salu\u00e9 les r\u00e9sultats de la session qui le fruit de la coop\u00e9ration entre Hapa et la coop\u00e9ration fran\u00e7aise.<\/p>\n<p>Il a ajout\u00e9 que la session sera sold\u00e9e par la mise en \u0153uvre des projets communs li\u00e9s au soutien des journalistes, et \u00e0 la composition des sujets qui constituent leurs pr\u00e9occupations r\u00e9elles, en particulier les pr\u00e9tendues fausses nouvelles.<\/p>\n<p>M. Meddou a, ensuite, mis en garde contre les dangers engendr\u00e9es par les fausses nouvelles, que ce soit dans \u00ab l\u2019opinion publique ou l\u2019acc\u00e8s \u00e0 des d\u00e9rives contraires \u00e0 l\u2019\u00e9thique dans l\u2019exercice de la profession ou le manque de respect pour le caract\u00e8re sacr\u00e9 de l\u2019information ou la libert\u00e9 d\u2019opinion avec les probl\u00e8mes qu\u2019elle peut soulever associ\u00e9s \u00e0 la coh\u00e9sion sociale et l\u2019incitation \u00e0 la violence et \u00e0 la haine.<\/p>\n<p>Enfin, le pr\u00e9sident de la HAPA a d\u00e9clar\u00e9 que la qualit\u00e9 de l\u2019exp\u00e9rience exceptionnelle du composant dans le domaine, et la nature des b\u00e9n\u00e9ficiaires dans leurs racines dans le domaine des m\u00e9dias, a constitu\u00e9 des garanties qualitatives pour le succ\u00e8s de la session, et a appel\u00e9 les professionnels des m\u00e9dias \u00e0 refl\u00e9ter les connaissances qu\u2019ils avaient re\u00e7ues dans leurs rubriques pratiques et dans leurs r\u00e9dactions.<\/p>\n<p>Pour sa part, l\u2019ambassadeur de France en Mauritanie, SEM. Alexandre Garcia, a remerci\u00e9 la HAPA pour la mise \u00e0 disposition de ses moyens logistiques, et l\u2019association M\u00e9dias &#038; D\u00e9mocratie pour son engagement et l\u2019expertise dont elle dispose sur ces questions.<\/p>\n<p>Il a ajout\u00e9 : \u00c0 travers le service de coop\u00e9ration de l\u2019Ambassade, la France agit en faveur des journalistes et des m\u00e9dias mauritaniens, et s\u2019engage dans la lutte contre les manipulations de l\u2019information, en appuyant en particulier la HAPA dans la mise en \u0153uvre de son plan d\u2019action, dans le contexte de r\u00e9formes que connait le secteur m\u00e9diatique et sur lequel je reviendrai plus tard.<\/p>\n<p>\u00ab Ce rapprochement strat\u00e9gique s\u2019est engag\u00e9 en f\u00e9vrier 2022, concr\u00e9tis\u00e9 par la mise en \u0153uvre de diverses actions tout au long de l\u2019ann\u00e9e et qui ont progressivement consolid\u00e9 nos relations bas\u00e9es sur une confiance mutuelle et la poursuite d\u2019objectifs communs \u00bb, a not\u00e9 l\u2019ambassadeur.<\/p>\n<p>L\u2019ambassadeur a, enfin, qualifi\u00e9 les \u00e9changes de fructueux et augurent l\u2019\u00e9tablissement prochain d\u2019une convention bilat\u00e9rale de coop\u00e9ration, entre la HAPA et l\u2019ARCOM, ax\u00e9e sur des priorit\u00e9s communes telles que le renforcement des capacit\u00e9s des professionnels de l\u2019information, la prise en compte du genre et la repr\u00e9sentation des femmes dans les communications et dans l\u2019\u00e9cosyst\u00e8me m\u00e9diatique, et, aussi, la lutte contre la d\u00e9sinformation.<\/p>\n<p>La c\u00e9r\u00e9monie de cl\u00f4ture a donn\u00e9 lieu \u00e0 la distribution des dipl\u00f4mes aux participants.<br \/>\nAmi<\/p>\n","protected":false},"excerpt":{"rendered":"<p>Les travaux d\u2019une session de formation, organis\u00e9e par haute Autorit\u00e9 de la Presse et de l\u2019Audiovisuel (HAPA) avec le concours de la coop\u00e9ration fran\u00e7aise et l\u2019association M\u00e9dias &#038; D\u00e9mocratie, dans le but de renforcer les capacit\u00e9s des journalistes professionnels, des cadres des principaux m\u00e9dias nationaux et des r\u00e9gulateurs de la HAPA sur la v\u00e9rification des &hellip;<\/p>\n","protected":false},"author":2,"featured_media":2861,"comment_status":"open","ping_status":"open","sticky":false,"template":"","format":"standard","meta":{"footnotes":""},"categories":[15],"tags":[],"class_list":["post-2860","post","type-post","status-publish","format-standard","has-post-thumbnail","hentry","category-culture"],"_links":{"self":[{"href":"https:\/\/ladepeche.mr\/index.php?rest_route=\/wp\/v2\/posts\/2860","targetHints":{"allow":["GET"]}}],"collection":[{"href":"https:\/\/ladepeche.mr\/index.php?rest_route=\/wp\/v2\/posts"}],"about":[{"href":"https:\/\/ladepeche.mr\/index.php?rest_route=\/wp\/v2\/types\/post"}],"author":[{"embeddable":true,"href":"https:\/\/ladepeche.mr\/index.php?rest_route=\/wp\/v2\/users\/2"}],"replies":[{"embeddable":true,"href":"https:\/\/ladepeche.mr\/index.php?rest_route=%2Fwp%2Fv2%2Fcomments&post=2860"}],"version-history":[{"count":1,"href":"https:\/\/ladepeche.mr\/index.php?rest_route=\/wp\/v2\/posts\/2860\/revisions"}],"predecessor-version":[{"id":2862,"href":"https:\/\/ladepeche.mr\/index.php?rest_route=\/wp\/v2\/posts\/2860\/revisions\/2862"}],"wp:featuredmedia":[{"embeddable":true,"href":"https:\/\/ladepeche.mr\/index.php?rest_route=\/wp\/v2\/media\/2861"}],"wp:attachment":[{"href":"https:\/\/ladepeche.mr\/index.php?rest_route=%2Fwp%2Fv2%2Fmedia&parent=2860"}],"wp:term":[{"taxonomy":"category","embeddable":true,"href":"https:\/\/ladepeche.mr\/index.php?rest_route=%2Fwp%2Fv2%2Fcategories&post=2860"},{"taxonomy":"post_tag","embeddable":true,"href":"https:\/\/ladepeche.mr\/index.php?rest_route=%2Fwp%2Fv2%2Ftags&post=2860"}],"curies":[{"name":"wp","href":"https:\/\/api.w.org\/{rel}","templated":true}]}}