{"id":2866,"date":"2022-11-12T15:22:15","date_gmt":"2022-11-12T15:22:15","guid":{"rendered":"https:\/\/ladepeche.mr\/?p=2866"},"modified":"2022-11-12T15:22:15","modified_gmt":"2022-11-12T15:22:15","slug":"deces-de-lerudit-mauritanien-oustaz-amadou-yero-kide","status":"publish","type":"post","link":"https:\/\/ladepeche.mr\/?p=2866","title":{"rendered":"D\u00e9c\u00e8s de l&#8217;\u00e9rudit mauritanien Oustaz Amadou Y\u00e9ro Kid\u00e9"},"content":{"rendered":"<p>L&#8217;\u00e9rudit mauritanien Oustaz Amadou Y\u00e9ro Kid\u00e9 est d\u00e9c\u00e9d\u00e9 samedi 12 novembre, \u00e0 Nouakchott, a annonc\u00e9 sa famille, \u00e0 la suite d\u2019une crise cardiaque, \u00e0 l\u2019\u00e2ge de 80 ans.<\/p>\n<p>Originaire de Niabina, dans le sud de la Mauritanie, Oustaz Amadou Y\u00e9ro Kid\u00e9 est l&#8217;un des savants les plus c\u00e9l\u00e8bres et respect\u00e9s de son pays. Ancien membre du Haut Conseil Islamique, il \u00e9tait un th\u00e9ologien, un pr\u00e9dicateur et un conf\u00e9rencier.<\/p>\n<p>Ancien pr\u00e9sident de la Cour d\u2019Appel de Nouakchott, Oustaz Amadou Y\u00e9ro Kid\u00e9 \u00e9tait membre de l\u2019Association des Oul\u00e9mas de Mauritanie.<\/p>\n<p>Il \u00e9tait \u00e9galement du Comit\u00e9 interminist\u00e9riel charg\u00e9 de la gestion et du suivi de la lutte contre la pand\u00e9mie du Covid-19.<\/p>\n<p>Par La r\u00e9daction de Cridem<\/p>\n","protected":false},"excerpt":{"rendered":"<p>L&#8217;\u00e9rudit mauritanien Oustaz Amadou Y\u00e9ro Kid\u00e9 est d\u00e9c\u00e9d\u00e9 samedi 12 novembre, \u00e0 Nouakchott, a annonc\u00e9 sa famille, \u00e0 la suite d\u2019une crise cardiaque, \u00e0 l\u2019\u00e2ge de 80 ans. Originaire de Niabina, dans le sud de la Mauritanie, Oustaz Amadou Y\u00e9ro Kid\u00e9 est l&#8217;un des savants les plus c\u00e9l\u00e8bres et respect\u00e9s de son pays. Ancien membre &hellip;<\/p>\n","protected":false},"author":2,"featured_media":2867,"comment_status":"open","ping_status":"open","sticky":false,"template":"","format":"standard","meta":{"footnotes":""},"categories":[18,15],"tags":[],"class_list":["post-2866","post","type-post","status-publish","format-standard","has-post-thumbnail","hentry","category-actualites","category-culture"],"_links":{"self":[{"href":"https:\/\/ladepeche.mr\/index.php?rest_route=\/wp\/v2\/posts\/2866","targetHints":{"allow":["GET"]}}],"collection":[{"href":"https:\/\/ladepeche.mr\/index.php?rest_route=\/wp\/v2\/posts"}],"about":[{"href":"https:\/\/ladepeche.mr\/index.php?rest_route=\/wp\/v2\/types\/post"}],"author":[{"embeddable":true,"href":"https:\/\/ladepeche.mr\/index.php?rest_route=\/wp\/v2\/users\/2"}],"replies":[{"embeddable":true,"href":"https:\/\/ladepeche.mr\/index.php?rest_route=%2Fwp%2Fv2%2Fcomments&post=2866"}],"version-history":[{"count":1,"href":"https:\/\/ladepeche.mr\/index.php?rest_route=\/wp\/v2\/posts\/2866\/revisions"}],"predecessor-version":[{"id":2868,"href":"https:\/\/ladepeche.mr\/index.php?rest_route=\/wp\/v2\/posts\/2866\/revisions\/2868"}],"wp:featuredmedia":[{"embeddable":true,"href":"https:\/\/ladepeche.mr\/index.php?rest_route=\/wp\/v2\/media\/2867"}],"wp:attachment":[{"href":"https:\/\/ladepeche.mr\/index.php?rest_route=%2Fwp%2Fv2%2Fmedia&parent=2866"}],"wp:term":[{"taxonomy":"category","embeddable":true,"href":"https:\/\/ladepeche.mr\/index.php?rest_route=%2Fwp%2Fv2%2Fcategories&post=2866"},{"taxonomy":"post_tag","embeddable":true,"href":"https:\/\/ladepeche.mr\/index.php?rest_route=%2Fwp%2Fv2%2Ftags&post=2866"}],"curies":[{"name":"wp","href":"https:\/\/api.w.org\/{rel}","templated":true}]}}