{"id":2875,"date":"2022-11-14T11:28:36","date_gmt":"2022-11-14T11:28:36","guid":{"rendered":"https:\/\/ladepeche.mr\/?p=2875"},"modified":"2022-11-14T11:37:56","modified_gmt":"2022-11-14T11:37:56","slug":"rencontre-entre-aziz-et-quelques-elements-des-flam-pour-une-mauritanie-unie","status":"publish","type":"post","link":"https:\/\/ladepeche.mr\/?p=2875","title":{"rendered":"Rencontre entre Aziz et quelques \u00e9l\u00e9ments des FLAM: \u2018\u2019Pour une Mauritanie unie\u2019\u2019"},"content":{"rendered":"<p>Mohamed ould Abdel Aziz, ancien chef de l\u2019Etat (2008\/2019), a rencontr\u00e9 quelques personnalit\u00e9s issues des rangs des Forces de Lib\u00e9ration Africaine de Mauritanie (FLAM), le samedi 12 novembre 2022 \u00e0 Paris.<br \/>\nUne r\u00e9union \u00e0 l\u2019issue de laquelle il a \u00e9t\u00e9 publi\u00e9 un document sous le titre \u00abEngagement pour une Mauritanie Unie (EMU)\u00bb. Cette d\u00e9claration dresse un constat sombre de la situation de la Mauritanie \u00abconfront\u00e9e \u00e0 des d\u00e9rives, notamment contre les libert\u00e9s individuelles, des restrictions impos\u00e9es dans un contexte de mauvaise gestion, de corruption, d\u2019inflation galopante et de paup\u00e9risation accrue \u00bb.<br \/>\nLe document d\u00e9plore \u00e9galement \u00ab la r\u00e9surgence du clanisme, du communautarisme, du tribalisme, du f\u00e9odalisme et du sectarisme religieux \u00bb.<br \/>\nLa d\u00e9claration pr\u00e9sente ses signataires comme \u00ab des mauritaniens dans la richesse de leur diversit\u00e9, anim\u00e9s par un esprit de sursaut pour un pays prosp\u00e8re, unie et r\u00e9concili\u00e9e \u00bb.<br \/>\nLe document appelle enfin \u00ab \u00e0 un engagement en faveur de la refonte et l\u2019\u00e9dification d\u2019une Mauritanie unie et d\u00e9mocratique \u00bb.<br \/>\nA signaler que cette d\u00e9claration est cat\u00e9goriquement rejet\u00e9e par Dia Ibrahima, dit Yaya Mabel, charg\u00e9 de communication des FLAM, qui d\u00e9nie aux participants \u00e0 la r\u00e9union du samedi 12 novembre 2022, la qualit\u00e9 de repr\u00e9sentants du mouvement en exil.<br \/>\nLe Calame<\/p>\n<p>COMMUNIQUE FINAL<br \/>\nFace aux d\u00e9rives que vit notre pays, notamment sur les libert\u00e9s, personnelles, de presse et d\u2019association, les restrictions impos\u00e9es dans un contexte de mauvaise gestion, de gabegie, de corruption, d\u2019inflation galopante, et de paup\u00e9risation accrue.<br \/>\nL\u2019\u00e9mergence et la r\u00e9surgence du clanisme, communautarisme, tribalisme, f\u00e9odalisme et sectarisme religieux.<br \/>\nNous, mauritaniens, dans la richesse de notre diversit\u00e9, et anim\u00e9s par un esprit de sursaut pour une Mauritanie prosp\u00e8re, unie et r\u00e9concili\u00e9e. Soucieux de cr\u00e9er une synergie pour converger ensemble vers des id\u00e9aux communs de paix, r\u00e9conciliation, promotion de l\u2019\u00e9galit\u00e9, pour la justice et l\u2019\u00e9quit\u00e9.<br \/>\nAvons ce jour 12 novembre 2022, \u00e0 Paris, sous la Direction de l\u2019ancien Pr\u00e9sident Mohamed Ould Abdel Aziz, ainsi que d\u2019une d\u00e9l\u00e9gation de nos fr\u00e8res des FLAM, proc\u00e9d\u00e9 \u00e0 la gen\u00e8se d\u2019une plateforme de concertation, et de suivi d\u00e9nomm\u00e9e : Engag\u00e9s pour une Mauritanie Unie (EMU).<br \/>\nNous appelons solennellement tous les mauritaniens, \u00e9pris de paix, de justice, de libert\u00e9 \u00e0 s\u2019engager ensemble, sinc\u00e8rement pour la refonte et l\u2019\u00e9dification d\u2019une Mauritanie unie et d\u00e9mocratique.<br \/>\nMauritanie dans laquelle, tous trouveront droits, qui\u00e9tude, espoir et prosp\u00e9rit\u00e9.<br \/>\nParis, le 12 novembre 2022 &#8211; EMU<\/p>\n","protected":false},"excerpt":{"rendered":"<p>Mohamed ould Abdel Aziz, ancien chef de l\u2019Etat (2008\/2019), a rencontr\u00e9 quelques personnalit\u00e9s issues des rangs des Forces de Lib\u00e9ration Africaine de Mauritanie (FLAM), le samedi 12 novembre 2022 \u00e0 Paris. Une r\u00e9union \u00e0 l\u2019issue de laquelle il a \u00e9t\u00e9 publi\u00e9 un document sous le titre \u00abEngagement pour une Mauritanie Unie (EMU)\u00bb. Cette d\u00e9claration dresse &hellip;<\/p>\n","protected":false},"author":2,"featured_media":2878,"comment_status":"open","ping_status":"open","sticky":false,"template":"","format":"standard","meta":{"footnotes":""},"categories":[18],"tags":[],"class_list":["post-2875","post","type-post","status-publish","format-standard","has-post-thumbnail","hentry","category-actualites"],"_links":{"self":[{"href":"https:\/\/ladepeche.mr\/index.php?rest_route=\/wp\/v2\/posts\/2875","targetHints":{"allow":["GET"]}}],"collection":[{"href":"https:\/\/ladepeche.mr\/index.php?rest_route=\/wp\/v2\/posts"}],"about":[{"href":"https:\/\/ladepeche.mr\/index.php?rest_route=\/wp\/v2\/types\/post"}],"author":[{"embeddable":true,"href":"https:\/\/ladepeche.mr\/index.php?rest_route=\/wp\/v2\/users\/2"}],"replies":[{"embeddable":true,"href":"https:\/\/ladepeche.mr\/index.php?rest_route=%2Fwp%2Fv2%2Fcomments&post=2875"}],"version-history":[{"count":2,"href":"https:\/\/ladepeche.mr\/index.php?rest_route=\/wp\/v2\/posts\/2875\/revisions"}],"predecessor-version":[{"id":2879,"href":"https:\/\/ladepeche.mr\/index.php?rest_route=\/wp\/v2\/posts\/2875\/revisions\/2879"}],"wp:featuredmedia":[{"embeddable":true,"href":"https:\/\/ladepeche.mr\/index.php?rest_route=\/wp\/v2\/media\/2878"}],"wp:attachment":[{"href":"https:\/\/ladepeche.mr\/index.php?rest_route=%2Fwp%2Fv2%2Fmedia&parent=2875"}],"wp:term":[{"taxonomy":"category","embeddable":true,"href":"https:\/\/ladepeche.mr\/index.php?rest_route=%2Fwp%2Fv2%2Fcategories&post=2875"},{"taxonomy":"post_tag","embeddable":true,"href":"https:\/\/ladepeche.mr\/index.php?rest_route=%2Fwp%2Fv2%2Ftags&post=2875"}],"curies":[{"name":"wp","href":"https:\/\/api.w.org\/{rel}","templated":true}]}}