{"id":2881,"date":"2022-11-14T21:06:57","date_gmt":"2022-11-14T21:06:57","guid":{"rendered":"https:\/\/ladepeche.mr\/?p=2881"},"modified":"2022-11-14T21:07:49","modified_gmt":"2022-11-14T21:07:49","slug":"consommation-des-cooperatives-de-tubercules-de-pomme-terre-le-marche","status":"publish","type":"post","link":"https:\/\/ladepeche.mr\/?p=2881","title":{"rendered":"Consommation: Des coop\u00e9ratives  inondent de tubercules de pomme terre le march\u00e9"},"content":{"rendered":"<p>Des Ongs ont tent\u00e9 d\u2019\u00e9couler des tubercules de pomme de terre destin\u00e9s \u00e0 sa culture potag\u00e8re.<br \/>\nL\u2019info est de premi\u00e8re main et nous vient d\u2019un tweet du pr\u00e9sident du patronat, MOHAMED Zeine Albidine Ould Cheikh AHMED, qui indique vouloir rassurer les consommateurs quant \u00e0 la bonne. qualit\u00e9 de la pomme de terre pr\u00e9sente sur les \u00e9tales du march\u00e9 national.<br \/>\nSelon lui, les produits de consommation import\u00e9s suivent une proc\u00e9dure et un contr\u00f4le strictes avant d\u2019acc\u00e9der au march\u00e9 national.<br \/>\nSelon donc le pr\u00e9sident du patronat, il n\u2019y a aucune raison de paniquer et que cette rumeur est partie d\u2019une saisie de tubercules pour la Culture de la pomme de terre que  le minist\u00e8re de tutelle avait distribu\u00e9 au profit de certaines coop\u00e9ratives leur enjoignant de ne pas tenter de les \u00e9couler sur le march\u00e9.<br \/>\nLe pr\u00e9sident du patronat en a enfin appel\u00e9 \u00e0 l\u2019esprit du patriotisme des coop\u00e9ratives et de leurs animateurs pour veiller au respect de l\u2019int\u00e9r\u00eat g\u00e9n\u00e9ral et au respect des lois.<br \/>\nUne rumeur, rappelle-t-on, avait couru les r\u00e9seaux sociaux all\u00e9guant l\u2019existence de pommes de terres p\u00e9rim\u00e9es et toxiques sur le march\u00e9.<\/p>\n","protected":false},"excerpt":{"rendered":"<p>Des Ongs ont tent\u00e9 d\u2019\u00e9couler des tubercules de pomme de terre destin\u00e9s \u00e0 sa culture potag\u00e8re. L\u2019info est de premi\u00e8re main et nous vient d\u2019un tweet du pr\u00e9sident du patronat, MOHAMED Zeine Albidine Ould Cheikh AHMED, qui indique vouloir rassurer les consommateurs quant \u00e0 la bonne. qualit\u00e9 de la pomme de terre pr\u00e9sente sur les &hellip;<\/p>\n","protected":false},"author":2,"featured_media":2882,"comment_status":"open","ping_status":"open","sticky":false,"template":"","format":"standard","meta":{"footnotes":""},"categories":[18,2],"tags":[],"class_list":["post-2881","post","type-post","status-publish","format-standard","has-post-thumbnail","hentry","category-actualites","category-economie"],"_links":{"self":[{"href":"https:\/\/ladepeche.mr\/index.php?rest_route=\/wp\/v2\/posts\/2881","targetHints":{"allow":["GET"]}}],"collection":[{"href":"https:\/\/ladepeche.mr\/index.php?rest_route=\/wp\/v2\/posts"}],"about":[{"href":"https:\/\/ladepeche.mr\/index.php?rest_route=\/wp\/v2\/types\/post"}],"author":[{"embeddable":true,"href":"https:\/\/ladepeche.mr\/index.php?rest_route=\/wp\/v2\/users\/2"}],"replies":[{"embeddable":true,"href":"https:\/\/ladepeche.mr\/index.php?rest_route=%2Fwp%2Fv2%2Fcomments&post=2881"}],"version-history":[{"count":2,"href":"https:\/\/ladepeche.mr\/index.php?rest_route=\/wp\/v2\/posts\/2881\/revisions"}],"predecessor-version":[{"id":2884,"href":"https:\/\/ladepeche.mr\/index.php?rest_route=\/wp\/v2\/posts\/2881\/revisions\/2884"}],"wp:featuredmedia":[{"embeddable":true,"href":"https:\/\/ladepeche.mr\/index.php?rest_route=\/wp\/v2\/media\/2882"}],"wp:attachment":[{"href":"https:\/\/ladepeche.mr\/index.php?rest_route=%2Fwp%2Fv2%2Fmedia&parent=2881"}],"wp:term":[{"taxonomy":"category","embeddable":true,"href":"https:\/\/ladepeche.mr\/index.php?rest_route=%2Fwp%2Fv2%2Fcategories&post=2881"},{"taxonomy":"post_tag","embeddable":true,"href":"https:\/\/ladepeche.mr\/index.php?rest_route=%2Fwp%2Fv2%2Ftags&post=2881"}],"curies":[{"name":"wp","href":"https:\/\/api.w.org\/{rel}","templated":true}]}}