{"id":2898,"date":"2022-11-14T22:22:51","date_gmt":"2022-11-14T22:22:51","guid":{"rendered":"https:\/\/ladepeche.mr\/?p=2898"},"modified":"2022-11-14T22:22:51","modified_gmt":"2022-11-14T22:22:51","slug":"la-cndh-lance-a-rosso-sa-caravane-pour-vulgariser-son-numero-vert-pour-signaler-les-cas-desclavage","status":"publish","type":"post","link":"https:\/\/ladepeche.mr\/?p=2898","title":{"rendered":"La CNDH lance \u00e0 Rosso sa caravane pour vulgariser son num\u00e9ro vert pour signaler les cas d&#8217;esclavage"},"content":{"rendered":"<p> D\u00e9claration du pr\u00e9sident de la Commission Nationale des Droits de l&#8217;Homme (CNDH), Me Ahmed Salem Bouhoubeyni :<\/p>\n<p>C\u2019est pour moi un honneur de pr\u00e9sider aujourd\u2019hui \u00e0 Rosso le lancement de la troisi\u00e8me phase de la caravane de la Commission Nationale des droits de l\u2019homme intitul\u00e9e \u00ab Esclavage Tourner la page \u00bb.<\/p>\n<p>La premi\u00e8re a sillonn\u00e9 l\u2019ensemble du territoire national pour vulgariser et sensibiliser les populations et les autorit\u00e9s sur la n\u00e9cessit\u00e9 d\u2019appliquer l\u2019arsenal juridique complet exemplaire dans la sous r\u00e9gion.<\/p>\n<p>La deuxi\u00e8me campagne \u00e9tait consacr\u00e9e au m\u00e9canisme d\u2019investigations et d\u2019enqu\u00eate sur les cas d\u2019esclavage d\u00e9clar\u00e9s et ce avec l\u2019appui technique du Bureau du haut commissariat des Nations Unies aux droits de l\u2019homme.<\/p>\n<p>La troisi\u00e8me caravane que nous inaugurons aujourd\u2019hui vise \u00e0 vulgariser notre m\u00e9canisme de plaintes renforc\u00e9 par le partenariat avec la coop\u00e9ration allemande GIZ pour les logiciels, par l\u2019Union Europ\u00e9enne et le bureau du Haut Commissariat des Nations Unies aux droits de l\u2019Homme pour ce qui concerne la mise en place de points focaux r\u00e9gionaux ainsi que la d\u00e9l\u00e9gation de Nouadhibou.<\/p>\n<p>S\u2019ajoute \u00e0 ce m\u00e9canisme de plaintes renforc\u00e9 de la CNDH le num\u00e9ro vert que nous lan\u00e7ons aujourd\u2019hui \u00e0 l\u2019ensemble des citoyens pour d\u00e9noncer et signaler tout cas d\u2019esclavage constat\u00e9 dans leur entourage o\u00f9 qu\u2019ils se trouvent.<\/p>\n<p>Je m\u2019adresse \u00e0 la soci\u00e9t\u00e9 civile et aux personnalit\u00e9s locales ici pr\u00e9sentes, vous avez d\u00e9sormais la possibilit\u00e9 de signaler les cas d\u2019esclavage en toute s\u00e9curit\u00e9 et en toute rapidit\u00e9 sans frais en saisissant la CNDH \u00e0 travers le num\u00e9ro vert.<\/p>\n<p>Les m\u00e9thodes d\u2019investigations et de signalement vous seront expos\u00e9es lors de la session de formation, pr\u00e9vue demain qui sera pr\u00e9sent\u00e9e conjointement par la CNDH et le bureau du Haut Commissariat des Nations Unies.<\/p>\n<p>La pr\u00e9sence des autorit\u00e9s administratives, municipales, s\u00e9curitaires ainsi que la soci\u00e9t\u00e9 civile, la pr\u00e9sence de diplomates (Merci Excellence Madame l\u2019ambassadrice du royaume d\u2019Espagne) et de repr\u00e9sentants du syst\u00e8me des Nations Unies (merci Monsieur le repr\u00e9sentant du Bureau du Haut Commissariat des Nations Unies) , la pr\u00e9sence parmi nous aujourd\u2019hui de journalistes internationaux (merci pour les journalistes de Tunisie, de Suisse ici pr\u00e9sents au nom de leur r\u00e9seau international) que nous remercions tous vivement t\u00e9moigne de l\u2019approche inclusive adopt\u00e9e pour \u00e9radiquer l\u2019esclavage en Mauritanie.<\/p>\n<p>C\u2019est le lieu de remercier les diplomates qui ont d\u00e9j\u00e0 confirm\u00e9 leur pr\u00e9sence pour les prochaines \u00e9tapes de la caravane en particulier son excellence l\u2019ambassadrice de la R\u00e9publique F\u00e9d\u00e9rale d\u2019Allemagne qui nous accompagnera demain \u00e0 Bogh\u00e9 ainsi que l\u2019ambassadrice des \u00c9tats Unis d\u2019Am\u00e9rique, l\u2019ambassadeur de France, l\u2019ambassadeur chef de la d\u00e9l\u00e9gation de l\u2019Union Europ\u00e9enne et le repr\u00e9sentant du Bureau du Haut Commissariat des Nations Unies aux droits de l\u2019Homme qui ont confirm\u00e9 leur pr\u00e9sence et participation aux prochaines \u00e9tapes.<\/p>\n<p>En effet ce tableau complet et diversifi\u00e9 est une preuve incontestable de la volont\u00e9 politique des autorit\u00e9s publiques et la disponibilit\u00e9 des partenaires de la Mauritanie de contribuer et d\u2019accompagner les efforts visant \u00e0 tourner d\u00e9finitivement la page de l\u2019esclavage.<\/p>\n<p>C\u2019est l\u2019occasion de se r\u00e9jouir de l\u2019approche adopt\u00e9e par la Commission Nationale des droits de l\u2019Homme de Mauritanie qui a consist\u00e9 d\u00e8s le d\u00e9part \u00e0 transformer le d\u00e9bat sur la question de l\u2019esclavage en travail de terrain pour vulgariser, sensibiliser, mobiliser et offrir le cadre ad\u00e9quat \u00e0 l\u2019\u00e9radication du fl\u00e9au.<\/p>\n<p>Nous avons \u00e9vit\u00e9 de participer au d\u00e9bat relatif \u00e0 l\u2019existence ou non de l\u2019esclavage, de son ampleur, admettons qu\u2019il existe encore des cas d\u2019esclavage, notre approche ouverte \u00e0 tous les partenaires consiste \u00e0 aller ensemble les chercher pour appliquer la loi, sanctionner les auteurs et prendre en charge les victimes.<\/p>\n<p>L\u2019approche adopt\u00e9e jusque l\u00e0 par certains qui consiste \u00e0 traiter la question avec un ton incendiaire n\u2019a servi ni l\u2019\u00e9tat ni la cause.<\/p>\n<p>Personne n\u2019est responsable de l\u2019esclavage, personne ne doit r\u00e9pondre de l\u2019esclavage je dirai m\u00eame, personne ne doit rendre compte et personne \u00e0 qui il convient de rendre compte, il y\u2019a pas d\u2019auteur et pas d\u2019ayants droit.<\/p>\n<p>Il s\u2019agit d\u2019un pass\u00e9 commun douloureux qu\u2019il convient de regarder en face et de construire sur sa base un avenir commun.<\/p>\n<p>Il s\u2019agit d\u2019un combat que les mauritaniens doivent mener main dans la main dans la coh\u00e9sion totale et l\u2019entente parfaite pour \u00e9radiquer l\u2019esclavage contribuer au d\u00e9veloppement inclusif du pays en entourant d\u2019une attention particuli\u00e8re \u00e0 travers une approche bas\u00e9e sur les droits de l\u2019homme les plus vuln\u00e9rables notamment ceux qui sont \u00e9cras\u00e9s par la pauvret\u00e9 et l\u2019ignorance expos\u00e9s plus que quiconque \u00e0 l\u2019exploitation et \u00e0 la marginalisation.<\/p>\n<p>C\u2019est possible pourvu qu\u2019on s\u2019y mette.<\/p>\n<p>J\u2019ai entendu et bien compris les propos que j\u2019ai eu l\u2019honneur d\u2019entendre de la part du Pr\u00e9sident de la R\u00e9publique, invitant la commission nationale des droits de l\u2019homme \u00e0 jouer pleinement son r\u00f4le en toute ind\u00e9pendance, quand il m\u2019a dit \u00ab nous sommes d\u00e9termin\u00e9s et engag\u00e9s \u00e0 \u00e9radiquer l\u2019esclavage et tourner d\u00e9finitivement sa page dans la coh\u00e9sion et la solidarit\u00e9 \u00bb.<\/p>\n<p>Je vous remercie pour votre attention.<\/p>\n<p>Rosso, 14 novembre 2022<\/p>\n<p>CNDH via cridem<\/p>\n","protected":false},"excerpt":{"rendered":"<p>D\u00e9claration du pr\u00e9sident de la Commission Nationale des Droits de l&#8217;Homme (CNDH), Me Ahmed Salem Bouhoubeyni : C\u2019est pour moi un honneur de pr\u00e9sider aujourd\u2019hui \u00e0 Rosso le lancement de la troisi\u00e8me phase de la caravane de la Commission Nationale des droits de l\u2019homme intitul\u00e9e \u00ab Esclavage Tourner la page \u00bb. La premi\u00e8re a sillonn\u00e9 &hellip;<\/p>\n","protected":false},"author":2,"featured_media":2899,"comment_status":"open","ping_status":"open","sticky":false,"template":"","format":"standard","meta":{"footnotes":""},"categories":[18,15],"tags":[],"class_list":["post-2898","post","type-post","status-publish","format-standard","has-post-thumbnail","hentry","category-actualites","category-culture"],"_links":{"self":[{"href":"https:\/\/ladepeche.mr\/index.php?rest_route=\/wp\/v2\/posts\/2898","targetHints":{"allow":["GET"]}}],"collection":[{"href":"https:\/\/ladepeche.mr\/index.php?rest_route=\/wp\/v2\/posts"}],"about":[{"href":"https:\/\/ladepeche.mr\/index.php?rest_route=\/wp\/v2\/types\/post"}],"author":[{"embeddable":true,"href":"https:\/\/ladepeche.mr\/index.php?rest_route=\/wp\/v2\/users\/2"}],"replies":[{"embeddable":true,"href":"https:\/\/ladepeche.mr\/index.php?rest_route=%2Fwp%2Fv2%2Fcomments&post=2898"}],"version-history":[{"count":1,"href":"https:\/\/ladepeche.mr\/index.php?rest_route=\/wp\/v2\/posts\/2898\/revisions"}],"predecessor-version":[{"id":2900,"href":"https:\/\/ladepeche.mr\/index.php?rest_route=\/wp\/v2\/posts\/2898\/revisions\/2900"}],"wp:featuredmedia":[{"embeddable":true,"href":"https:\/\/ladepeche.mr\/index.php?rest_route=\/wp\/v2\/media\/2899"}],"wp:attachment":[{"href":"https:\/\/ladepeche.mr\/index.php?rest_route=%2Fwp%2Fv2%2Fmedia&parent=2898"}],"wp:term":[{"taxonomy":"category","embeddable":true,"href":"https:\/\/ladepeche.mr\/index.php?rest_route=%2Fwp%2Fv2%2Fcategories&post=2898"},{"taxonomy":"post_tag","embeddable":true,"href":"https:\/\/ladepeche.mr\/index.php?rest_route=%2Fwp%2Fv2%2Ftags&post=2898"}],"curies":[{"name":"wp","href":"https:\/\/api.w.org\/{rel}","templated":true}]}}