{"id":2901,"date":"2022-11-16T13:10:02","date_gmt":"2022-11-16T13:10:02","guid":{"rendered":"https:\/\/ladepeche.mr\/?p=2901"},"modified":"2022-11-16T13:10:02","modified_gmt":"2022-11-16T13:10:02","slug":"insecurite-alimentaire-15-des-mauritaniens-exposes-pam","status":"publish","type":"post","link":"https:\/\/ladepeche.mr\/?p=2901","title":{"rendered":"Ins\u00e9curit\u00e9 alimentaire : 15% des Mauritaniens expos\u00e9s (PAM)"},"content":{"rendered":"<p>15 % des Mauritaniens seraient en situation d&#8217;ins\u00e9curit\u00e9 alimentaire en 2022 aurait assur\u00e9 le programme alimentaire mondial (PAM) cit\u00e9 par Reliefweb. La situation de pr\u00e9carit\u00e9 serait telle qu\u2019au sud du pays,  \u00ab les m\u00e9nages ruraux qui y vivent ont de plus en plus de difficult\u00e9s \u00e0 assurer leur subsistance \u00bb rench\u00e9rit la m\u00eame source avant de noter qu\u2019en raison de cette situation le pays a \u00e9t\u00e9 class\u00e9 dans le cadre de la cat\u00e9gorie des \u00abpoints chauds de la faim\u00bb.<br \/>\nDans cette r\u00e9gion aussi la situation d\u2019ins\u00e9curit\u00e9 alimentaire serait amplifi\u00e9e par \u00abla pr\u00e9sence prolong\u00e9e de r\u00e9fugi\u00e9s sur le camp de Mbera \u00bb, dans la r\u00e9gion du Hodh Chargui, o\u00f9 les p\u00e2turages et points d\u2019eau pourraient constituer des zones de tensions entre les communaut\u00e9s autochtones et les  r\u00e9fugi\u00e9s estim\u00e9s \u00e0 pr\u00e8s de 100 milles habitants.<br \/>\n A rappeler que HCR mettrait en \u0153uvre plusieurs projets visant \u00e0 pr\u00e9venir ces tensions et \u00e0 aider \u00e0 la bonne gestion des ressources naturelles.<\/p>\n","protected":false},"excerpt":{"rendered":"<p>15 % des Mauritaniens seraient en situation d&#8217;ins\u00e9curit\u00e9 alimentaire en 2022 aurait assur\u00e9 le programme alimentaire mondial (PAM) cit\u00e9 par Reliefweb. La situation de pr\u00e9carit\u00e9 serait telle qu\u2019au sud du pays, \u00ab les m\u00e9nages ruraux qui y vivent ont de plus en plus de difficult\u00e9s \u00e0 assurer leur subsistance \u00bb rench\u00e9rit la m\u00eame source avant &hellip;<\/p>\n","protected":false},"author":2,"featured_media":2902,"comment_status":"open","ping_status":"open","sticky":false,"template":"","format":"standard","meta":{"footnotes":""},"categories":[18,2,27],"tags":[],"class_list":["post-2901","post","type-post","status-publish","format-standard","has-post-thumbnail","hentry","category-actualites","category-economie","category-sante"],"_links":{"self":[{"href":"https:\/\/ladepeche.mr\/index.php?rest_route=\/wp\/v2\/posts\/2901","targetHints":{"allow":["GET"]}}],"collection":[{"href":"https:\/\/ladepeche.mr\/index.php?rest_route=\/wp\/v2\/posts"}],"about":[{"href":"https:\/\/ladepeche.mr\/index.php?rest_route=\/wp\/v2\/types\/post"}],"author":[{"embeddable":true,"href":"https:\/\/ladepeche.mr\/index.php?rest_route=\/wp\/v2\/users\/2"}],"replies":[{"embeddable":true,"href":"https:\/\/ladepeche.mr\/index.php?rest_route=%2Fwp%2Fv2%2Fcomments&post=2901"}],"version-history":[{"count":1,"href":"https:\/\/ladepeche.mr\/index.php?rest_route=\/wp\/v2\/posts\/2901\/revisions"}],"predecessor-version":[{"id":2903,"href":"https:\/\/ladepeche.mr\/index.php?rest_route=\/wp\/v2\/posts\/2901\/revisions\/2903"}],"wp:featuredmedia":[{"embeddable":true,"href":"https:\/\/ladepeche.mr\/index.php?rest_route=\/wp\/v2\/media\/2902"}],"wp:attachment":[{"href":"https:\/\/ladepeche.mr\/index.php?rest_route=%2Fwp%2Fv2%2Fmedia&parent=2901"}],"wp:term":[{"taxonomy":"category","embeddable":true,"href":"https:\/\/ladepeche.mr\/index.php?rest_route=%2Fwp%2Fv2%2Fcategories&post=2901"},{"taxonomy":"post_tag","embeddable":true,"href":"https:\/\/ladepeche.mr\/index.php?rest_route=%2Fwp%2Fv2%2Ftags&post=2901"}],"curies":[{"name":"wp","href":"https:\/\/api.w.org\/{rel}","templated":true}]}}