{"id":2910,"date":"2022-11-16T19:13:29","date_gmt":"2022-11-16T19:13:29","guid":{"rendered":"https:\/\/ladepeche.mr\/?p=2910"},"modified":"2022-11-16T19:13:29","modified_gmt":"2022-11-16T19:13:29","slug":"au-conseil-des-ministres-proclamation-du-30-octobre-journee-nationale-de-lecole-republicaine","status":"publish","type":"post","link":"https:\/\/ladepeche.mr\/?p=2910","title":{"rendered":"Au Conseil des ministres : Proclamation du 30 octobre journ\u00e9e nationale de l\u2019\u00e9cole r\u00e9publicaine"},"content":{"rendered":"<p>Le Conseil des Ministres s\u2019est r\u00e9uni le mercredi, 16 novembre 2022 sous la Pr\u00e9sidence de Son Excellence Monsieur le Pr\u00e9sident de la R\u00e9publique Mohamed Ould Cheikh El-Ghazouani.<\/p>\n<p>Le Conseil a examin\u00e9 et approuv\u00e9 le projet de loi autorisant la ratification de la constitution et de la convention de l\u2019Union Africaine des T\u00e9l\u00e9communications (le CAP, d\u00e9cembre 1999, r\u00e9vis\u00e9es \u00e0 Harar\u00e9 en juillet 2014).<\/p>\n<p>L\u2019Union Africaine des T\u00e9l\u00e9communications (UAT) compte actuellement 49 Etats membres, dont la Mauritanie est membre fondateur, et 54 membres associ\u00e9s de l\u2019int\u00e9rieur et de l\u2019ext\u00e9rieur du continent Africain.<\/p>\n<p>Les pl\u00e9nipotentiaires des Gouvernements des Etats membres de l\u2019UAT r\u00e9unis en session extraordinaire \u00e0 Harar\u00e9, Zimbabwe les 9 et 10 juillet 2014, ont amend\u00e9 et sign\u00e9 la pr\u00e9sente Constitution et Convention.<\/p>\n<p>Notre pays \u00e9tant membre de cette organisation, et n\u2019ayant pas encore sign\u00e9 la derni\u00e8re version amend\u00e9e de la convention et de la constitution, sign\u00e9e en 2014, le pr\u00e9sent projet de loi vise \u00e0 les ratifier.<\/p>\n<p>Le Conseil a \u00e9galement examin\u00e9 et adopt\u00e9 les projets de d\u00e9crets suivants :<\/p>\n<p>-Projet de d\u00e9cret instituant et c\u00e9l\u00e9brant le 30 octobre comme Journ\u00e9e Nationale de l\u2019\u00c9cole R\u00e9publicaine.<\/p>\n<p>Le projet de d\u00e9cret vise \u00e0 instaurer la journ\u00e9e du 30 octobre de chaque ann\u00e9e comme Journ\u00e9e Nationale de l\u2019\u00c9cole R\u00e9publicaine, c\u00e9l\u00e9br\u00e9e annuellement sur toute l\u2019\u00e9tendue du territoire national, dans toutes les wilayas et les Moughataas. Les c\u00e9r\u00e9monies de comm\u00e9moration de cette journ\u00e9e nationale seront l\u2019occasion d\u2019honorer les personnalit\u00e9s et les institutions qui ont contribu\u00e9 dans la r\u00e9ussite de l\u2019\u00c9cole R\u00e9publicaine et dans sa p\u00e9rennisation.<\/p>\n<p>-Projet de d\u00e9cret portant approbation et d\u00e9claration d\u2019utilit\u00e9 publique le plan de lotissement de la nouvelle ville de Magha (Regroupement de Magha, Commune de Guelleur, Moughataa de Bark\u00e9ol, Wilaya de l\u2019Assaba).<\/p>\n<p>Ce lotissement, qui couvre une superficie de 325 hectares, vise \u00e0 renforcer les efforts des pouvoirs publics dans le domaine de regroupement des localit\u00e9s. Il facilitera l\u2019acc\u00e8s des populations aux diff\u00e9rents services et r\u00e9seaux, tout en cr\u00e9ant un cadre urbain ad\u00e9quat moderne r\u00e9pondant aux normes urbanistiques et garantissant la qui\u00e9tude et la s\u00e9curit\u00e9.<\/p>\n<p>-Projet de d\u00e9cret portant approbation et d\u00e9claration d\u2019utilit\u00e9 publique le plan de lotissement de la nouvelle ville El ATF (Regroupement d\u2019El ATF, Commune de Tifunde Civ\u00e9, Moughataa de Ka\u00e9di, Wilaya du Gorgol).<\/p>\n<p>Ce lotissement, qui couvre une superficie de 97 hectares, vise \u00e0 renforcer les efforts des pouvoirs publics dans le domaine de regroupement des localit\u00e9s. Il facilitera l\u2019acc\u00e8s des populations aux diff\u00e9rents services et r\u00e9seaux, tout en cr\u00e9ant un cadre urbain ad\u00e9quat et moderne, r\u00e9pondant aux normes urbanistiques, et garantissant la qui\u00e9tude et la s\u00e9curit\u00e9.<\/p>\n<p>Le Ministre des Affaires Etrang\u00e8res, de la Coop\u00e9ration et des Mauritaniens de l\u2019Ext\u00e9rieur a pr\u00e9sent\u00e9 une communication relative \u00e0 la situation internationale.<\/p>\n<p>Le Ministre de la D\u00e9fense Nationale, Ministre de l\u2019Int\u00e9rieur et de la D\u00e9centralisation par Int\u00e9rim a pr\u00e9sent\u00e9 une communication relative \u00e0 la situation int\u00e9rieure.<\/p>\n<p>Le Ministre de la Culture, de la Jeunesse, des Sports et des Relations avec le Parlement a pr\u00e9sent\u00e9 une communication portant sur la cr\u00e9ation d\u2019un nouveau Festival culturel d\u00e9nomm\u00e9 Festival Culturel de Djowol.<\/p>\n<p>Cette communication s\u2019inscrit dans le cadre des efforts du gouvernement pour traduire dans les faits la politique culturelle capable de renforcer et accompagner la croissance du pays et son d\u00e9veloppement culturel, social et \u00e9conomique. C\u2019est ainsi que le Gouvernement tient \u00e0 encourager la diversit\u00e9 et \u00e0 mettre en valeur le rayonnement religieux, spirituel et culturel des wilayas situ\u00e9es sur la vall\u00e9e, qui se caract\u00e9risent par une sp\u00e9cificit\u00e9 historique fond\u00e9e sur la fraternit\u00e9, la coh\u00e9sion et de bon voisinage.<\/p>\n<p>Ainsi, la cr\u00e9ation de ce festival vise principalement, entre autres, \u00e0 faire la lumi\u00e8re sur les tr\u00e9sors patrimoniaux, h\u00e9ritage de g\u00e9n\u00e9rations d\u2019\u00e9rudits et h\u00e9ros tels que Thierno Souleymane Ball, Cheikh Oumar Tall, EL-Hadj Mahmoud Ba et d\u2019autres qui ont \u00e9crit l\u2019histoire de la sous-r\u00e9gion, en reconnaissance du r\u00f4le jou\u00e9 par ceux-ci. Ce festival contribuera \u00e9galement au renouveau culturel et \u00e9conomique de ces wilayas.<\/p>\n<p>Le Ministre de la Culture, de la Jeunesse, des Sports et des Relations avec le Parlement a fait le point sur les pr\u00e9paratifs de la semaine nationale de la culture, de la jeunesse et du sport scolaire, qui se d\u00e9roulera du 18 au 22 novembre 2022, sur toute l\u2019\u00e9tendue du territoire national. Cette semaine vise \u00e0 valoriser la culture nationale dans sa diversit\u00e9, et \u00e0 promouvoir la jeunesse et le sport, conform\u00e9ment au Programme de Son Excellence Monsieur le Pr\u00e9sident de la R\u00e9publique \u00ab Mes engagements \u00bb.<\/p>\n<p>La semaine de la culture, de la jeunesse et du sport scolaire permettra d\u2019insuffler une nouvelle dynamique chez les jeunes des diff\u00e9rentes wilayas du pays, et de les mobiliser sur les questions d\u2019actualit\u00e9 telles que l\u2019importance de l\u2019Ecole R\u00e9publicaine, la promotion de l\u2019agriculture, la citoyennet\u00e9, la culture de la paix et de la coh\u00e9sion sociale.<\/p>\n<p>Elle permettra \u00e9galement d\u2019instaurer et d\u2019encourager la culture du volontariat chez les \u00e9l\u00e8ves des \u00e9tablissements scolaires, dans un cadre propice pour la communication, l\u2019\u00e9change et la discussion.<\/p>\n<p>Enfin, le conseil a pris les mesures individuelles suivantes :<\/p>\n<p>Minist\u00e8re des Finances<\/p>\n<p>Charg\u00e9 de Mission :<\/p>\n<p>\u2010 Teyeb Ould MOINE, titulaire d\u2019un Master en Finances\/Contr\u00f4le<\/p>\n<p>Minist\u00e8re de l\u2019Education Nationale et de la R\u00e9forme du Syst\u00e8me Educatif<\/p>\n<p>Administration Centrale<\/p>\n<p>Direction des Affaires Administratives et Financi\u00e8res<\/p>\n<p>Directrice : Al Kahla SIDI AGJEYEL, Institutrice, pr\u00e9c\u00e9demment Conseill\u00e8re Technique charg\u00e9e de l\u2019\u00e9ducation fondamentale.<br \/>\nAMI<\/p>\n","protected":false},"excerpt":{"rendered":"<p>Le Conseil des Ministres s\u2019est r\u00e9uni le mercredi, 16 novembre 2022 sous la Pr\u00e9sidence de Son Excellence Monsieur le Pr\u00e9sident de la R\u00e9publique Mohamed Ould Cheikh El-Ghazouani. Le Conseil a examin\u00e9 et approuv\u00e9 le projet de loi autorisant la ratification de la constitution et de la convention de l\u2019Union Africaine des T\u00e9l\u00e9communications (le CAP, d\u00e9cembre &hellip;<\/p>\n","protected":false},"author":2,"featured_media":1676,"comment_status":"open","ping_status":"open","sticky":false,"template":"","format":"standard","meta":{"footnotes":""},"categories":[18],"tags":[],"class_list":["post-2910","post","type-post","status-publish","format-standard","has-post-thumbnail","hentry","category-actualites"],"_links":{"self":[{"href":"https:\/\/ladepeche.mr\/index.php?rest_route=\/wp\/v2\/posts\/2910","targetHints":{"allow":["GET"]}}],"collection":[{"href":"https:\/\/ladepeche.mr\/index.php?rest_route=\/wp\/v2\/posts"}],"about":[{"href":"https:\/\/ladepeche.mr\/index.php?rest_route=\/wp\/v2\/types\/post"}],"author":[{"embeddable":true,"href":"https:\/\/ladepeche.mr\/index.php?rest_route=\/wp\/v2\/users\/2"}],"replies":[{"embeddable":true,"href":"https:\/\/ladepeche.mr\/index.php?rest_route=%2Fwp%2Fv2%2Fcomments&post=2910"}],"version-history":[{"count":1,"href":"https:\/\/ladepeche.mr\/index.php?rest_route=\/wp\/v2\/posts\/2910\/revisions"}],"predecessor-version":[{"id":2911,"href":"https:\/\/ladepeche.mr\/index.php?rest_route=\/wp\/v2\/posts\/2910\/revisions\/2911"}],"wp:featuredmedia":[{"embeddable":true,"href":"https:\/\/ladepeche.mr\/index.php?rest_route=\/wp\/v2\/media\/1676"}],"wp:attachment":[{"href":"https:\/\/ladepeche.mr\/index.php?rest_route=%2Fwp%2Fv2%2Fmedia&parent=2910"}],"wp:term":[{"taxonomy":"category","embeddable":true,"href":"https:\/\/ladepeche.mr\/index.php?rest_route=%2Fwp%2Fv2%2Fcategories&post=2910"},{"taxonomy":"post_tag","embeddable":true,"href":"https:\/\/ladepeche.mr\/index.php?rest_route=%2Fwp%2Fv2%2Ftags&post=2910"}],"curies":[{"name":"wp","href":"https:\/\/api.w.org\/{rel}","templated":true}]}}