{"id":2912,"date":"2022-11-16T19:38:50","date_gmt":"2022-11-16T19:38:50","guid":{"rendered":"https:\/\/ladepeche.mr\/?p=2912"},"modified":"2022-11-16T23:24:58","modified_gmt":"2022-11-16T23:24:58","slug":"cheikhna-ould-nenni-que-diable-allait-il-faire-dans-cette-galere","status":"publish","type":"post","link":"https:\/\/ladepeche.mr\/?p=2912","title":{"rendered":"Cheikhna Ould Nenni : Que diable allait-il faire dans cette gal\u00e8re ?"},"content":{"rendered":"<p>Pour une surprise, c\u2019en est v\u00e9ritablement une. Cheikhna Ould Nenni, ambassadeur aupr\u00e8s de l\u2019Unesco, et qui comptait sur son \u00e9toile ascendante, d\u00e9mis de son poste emportant avec lui, dans sa chute, son ami, Hamoud Ould Abdi, autre ambassadeur aupr\u00e8s de la Lybie. Les deux hommes paieraient pour l\u2019initiative de soutien au pr\u00e9sident, prise en dehors des instances du parti Insaf.<br \/>\nSi l\u2019on a pu croire, un moment, \u00e0 la forme de l\u2019ancien ambassadeur Cheikhna Ould Nenni, d\u00e9pla\u00e7ant les montagnes pour son \u00ab initiative politique \u00bb, l\u2019Alliance des Forces de la Concorde (AFC), le limogeage dont il est l\u2019objet n\u2019est sans doute pas une disgr\u00e2ce permanente. La gal\u00e8re de Cheikhna Ould Nenni durera-t-elle longtemps? C\u2019est mal connaitre l\u2019int\u00e9ress\u00e9 qui va surement rebondir apr\u00e8s ce \u00ab faux pas\u00bb. Ce croc-en-jambe semble un rappel \u00e0 l\u2019ordre destin\u00e9 aussi aux nombreux candidats \u00e0 la candidature qui seraient tent\u00e9s de s\u2019opposer au parti lors de ses choix de candidatures. <\/p>\n","protected":false},"excerpt":{"rendered":"<p>Pour une surprise, c\u2019en est v\u00e9ritablement une. Cheikhna Ould Nenni, ambassadeur aupr\u00e8s de l\u2019Unesco, et qui comptait sur son \u00e9toile ascendante, d\u00e9mis de son poste emportant avec lui, dans sa chute, son ami, Hamoud Ould Abdi, autre ambassadeur aupr\u00e8s de la Lybie. Les deux hommes paieraient pour l\u2019initiative de soutien au pr\u00e9sident, prise en dehors &hellip;<\/p>\n","protected":false},"author":2,"featured_media":2913,"comment_status":"open","ping_status":"open","sticky":false,"template":"","format":"standard","meta":{"footnotes":""},"categories":[26],"tags":[],"class_list":["post-2912","post","type-post","status-publish","format-standard","has-post-thumbnail","hentry","category-en-panne"],"_links":{"self":[{"href":"https:\/\/ladepeche.mr\/index.php?rest_route=\/wp\/v2\/posts\/2912","targetHints":{"allow":["GET"]}}],"collection":[{"href":"https:\/\/ladepeche.mr\/index.php?rest_route=\/wp\/v2\/posts"}],"about":[{"href":"https:\/\/ladepeche.mr\/index.php?rest_route=\/wp\/v2\/types\/post"}],"author":[{"embeddable":true,"href":"https:\/\/ladepeche.mr\/index.php?rest_route=\/wp\/v2\/users\/2"}],"replies":[{"embeddable":true,"href":"https:\/\/ladepeche.mr\/index.php?rest_route=%2Fwp%2Fv2%2Fcomments&post=2912"}],"version-history":[{"count":2,"href":"https:\/\/ladepeche.mr\/index.php?rest_route=\/wp\/v2\/posts\/2912\/revisions"}],"predecessor-version":[{"id":2924,"href":"https:\/\/ladepeche.mr\/index.php?rest_route=\/wp\/v2\/posts\/2912\/revisions\/2924"}],"wp:featuredmedia":[{"embeddable":true,"href":"https:\/\/ladepeche.mr\/index.php?rest_route=\/wp\/v2\/media\/2913"}],"wp:attachment":[{"href":"https:\/\/ladepeche.mr\/index.php?rest_route=%2Fwp%2Fv2%2Fmedia&parent=2912"}],"wp:term":[{"taxonomy":"category","embeddable":true,"href":"https:\/\/ladepeche.mr\/index.php?rest_route=%2Fwp%2Fv2%2Fcategories&post=2912"},{"taxonomy":"post_tag","embeddable":true,"href":"https:\/\/ladepeche.mr\/index.php?rest_route=%2Fwp%2Fv2%2Ftags&post=2912"}],"curies":[{"name":"wp","href":"https:\/\/api.w.org\/{rel}","templated":true}]}}