{"id":2938,"date":"2022-11-19T11:50:27","date_gmt":"2022-11-19T11:50:27","guid":{"rendered":"https:\/\/ladepeche.mr\/?p=2938"},"modified":"2022-11-19T11:50:27","modified_gmt":"2022-11-19T11:50:27","slug":"le-president-ghazouani-se-rend-en-tunisie-pour-le-18e-sommet-de-la-francophonie","status":"publish","type":"post","link":"https:\/\/ladepeche.mr\/?p=2938","title":{"rendered":"Le pr\u00e9sident Ghazouani se rend en Tunisie pour le 18e sommet de la Francophonie"},"content":{"rendered":"<p>Le Pr\u00e9sident de la R\u00e9publique, Son Excellence Monsieur Mohamed Ould Cheikh El Ghazouani a quitt\u00e9 Nouakchott ce vendredi pour la Tunisie o\u00f9 il participera \u00e0 Djerba \u00e0 la conf\u00e9rence de la francophonie.<\/p>\n<p>Le Pr\u00e9sident de la R\u00e9publique a \u00e9t\u00e9 salu\u00e9 de son d\u00e9part de l\u2019a\u00e9roport international de Nouakchott Oumtousy par le Premier ministre, M. Mohamed Bilal Messoud, le ministre secr\u00e9taire g\u00e9n\u00e9ral de la Pr\u00e9sidence de la R\u00e9publique, la ministre conseill\u00e8re \u00e0 la Pr\u00e9sidence de la R\u00e9publique, les ministres de la Justice et de la D\u00e9fense nationale, le chef d\u2019\u00e9tat-major particulier du Pr\u00e9sident de la R\u00e9publique, le wali de Nouakchott-ouest et la vice-pr\u00e9sidente de la r\u00e9gion de Nouakchott.<\/p>\n<p>Le Pr\u00e9sident est accompagn\u00e9 par une importante d\u00e9l\u00e9gation comprenant:<\/p>\n<p>\u2013 Mme Coumba Ba, ministre conseill\u00e8re \u00e0 la Pr\u00e9sidence de la R\u00e9publique<\/p>\n<p>\u2013 M. Mohamed Salem Ould Merzoug, ministre des Affaires \u00e9trang\u00e8res, de la Coop\u00e9ration et des Mauritaniens de l\u2019Ext\u00e9rieur<\/p>\n<p>\u2013 M. Ismail Ould Cheikh Ahmed, directeur de cabinet du Pr\u00e9sident de la R\u00e9publique<\/p>\n<p>\u2013 M. Demane Hemar, ambassadeur de la Mauritanie en Tunisie<\/p>\n<p>\u2013 M. Sidi Ould Lemjad, charg\u00e9 d\u2019affaires aupr\u00e8s de l\u2019UNESCO, charg\u00e9 de la francophonie<\/p>\n<p>\u2013 M. Yahya Ould Kebd, charg\u00e9 de mission \u00e0 la Pr\u00e9sidence de la R\u00e9publique<\/p>\n<p>\u2013 M. Sidi Ould Dewmane, charg\u00e9 de mission \u00e0 la Pr\u00e9sidence de la R\u00e9publique<\/p>\n<p>\u2013 M. El Hassen Ould Ahmed, directeur g\u00e9n\u00e9ral du protocole d\u2019\u00c9tat.<\/p>\n<p>Ami<\/p>\n","protected":false},"excerpt":{"rendered":"<p>Le Pr\u00e9sident de la R\u00e9publique, Son Excellence Monsieur Mohamed Ould Cheikh El Ghazouani a quitt\u00e9 Nouakchott ce vendredi pour la Tunisie o\u00f9 il participera \u00e0 Djerba \u00e0 la conf\u00e9rence de la francophonie. Le Pr\u00e9sident de la R\u00e9publique a \u00e9t\u00e9 salu\u00e9 de son d\u00e9part de l\u2019a\u00e9roport international de Nouakchott Oumtousy par le Premier ministre, M. Mohamed &hellip;<\/p>\n","protected":false},"author":2,"featured_media":2939,"comment_status":"open","ping_status":"open","sticky":false,"template":"","format":"standard","meta":{"footnotes":""},"categories":[18,29],"tags":[],"class_list":["post-2938","post","type-post","status-publish","format-standard","has-post-thumbnail","hentry","category-actualites","category-monde"],"_links":{"self":[{"href":"https:\/\/ladepeche.mr\/index.php?rest_route=\/wp\/v2\/posts\/2938","targetHints":{"allow":["GET"]}}],"collection":[{"href":"https:\/\/ladepeche.mr\/index.php?rest_route=\/wp\/v2\/posts"}],"about":[{"href":"https:\/\/ladepeche.mr\/index.php?rest_route=\/wp\/v2\/types\/post"}],"author":[{"embeddable":true,"href":"https:\/\/ladepeche.mr\/index.php?rest_route=\/wp\/v2\/users\/2"}],"replies":[{"embeddable":true,"href":"https:\/\/ladepeche.mr\/index.php?rest_route=%2Fwp%2Fv2%2Fcomments&post=2938"}],"version-history":[{"count":1,"href":"https:\/\/ladepeche.mr\/index.php?rest_route=\/wp\/v2\/posts\/2938\/revisions"}],"predecessor-version":[{"id":2940,"href":"https:\/\/ladepeche.mr\/index.php?rest_route=\/wp\/v2\/posts\/2938\/revisions\/2940"}],"wp:featuredmedia":[{"embeddable":true,"href":"https:\/\/ladepeche.mr\/index.php?rest_route=\/wp\/v2\/media\/2939"}],"wp:attachment":[{"href":"https:\/\/ladepeche.mr\/index.php?rest_route=%2Fwp%2Fv2%2Fmedia&parent=2938"}],"wp:term":[{"taxonomy":"category","embeddable":true,"href":"https:\/\/ladepeche.mr\/index.php?rest_route=%2Fwp%2Fv2%2Fcategories&post=2938"},{"taxonomy":"post_tag","embeddable":true,"href":"https:\/\/ladepeche.mr\/index.php?rest_route=%2Fwp%2Fv2%2Ftags&post=2938"}],"curies":[{"name":"wp","href":"https:\/\/api.w.org\/{rel}","templated":true}]}}