{"id":2941,"date":"2022-11-19T12:24:05","date_gmt":"2022-11-19T12:24:05","guid":{"rendered":"https:\/\/ladepeche.mr\/?p=2941"},"modified":"2022-11-19T12:24:05","modified_gmt":"2022-11-19T12:24:05","slug":"assemblee-nationale-sidney-sokhna-devient-le-1er-vice-president-la-liste-complete-du-nouveau-bureau","status":"publish","type":"post","link":"https:\/\/ladepeche.mr\/?p=2941","title":{"rendered":"Assembl\u00e9e nationale : Sidney Sokhna devient le 1er vice-pr\u00e9sident&#8230;la liste compl\u00e8te du nouveau bureau"},"content":{"rendered":"<p> L\u2019Assembl\u00e9e nationale a adopt\u00e9, vendredi, lors d\u2019une pl\u00e9ni\u00e8re pr\u00e9sid\u00e9e par M. Ahmedy Ould Hamady, 1er vice-pr\u00e9sident de la chambre, son nouveau bureau, qui se compose comme suit :<\/p>\n<p>1er vice-pr\u00e9sident de l\u2019Assembl\u00e9e nationale, M. Sidney Sokhna, du parti El Insaf ;<\/p>\n<p>2\u00e8me vice-pr\u00e9sident de l\u2019Assembl\u00e9e nationale, El Ghotob Ould Ematt, du parti Tawassoul ;<\/p>\n<p>3e vice-pr\u00e9sident de l\u2019Assembl\u00e9e nationale, Hacen Ould Bah, du parti El Mizane ;<\/p>\n<p>4e vice-pr\u00e9sident de l\u2019Assembl\u00e9e nationale, Hachim Samoury M\u2019Bareck, du parti El Insaf ;<\/p>\n<p>5e vice-pr\u00e9sident de l\u2019Assembl\u00e9e nationale, Ali Ould Dowla, du parti El Insaf ;<\/p>\n<p>Questeur de l\u2019Assembl\u00e9e nationale, Houssein Ould Boubout, du parti El Insaf ;<\/p>\n<p>1er secr\u00e9taire du bureau de l\u2019Assembl\u00e9e nationale, Mohamed Ould Didi, El Mizane ;<\/p>\n<p>2\u00e8me secr\u00e9taire du bureau de l\u2019Assembl\u00e9e nationale, M. Saw Abou Demba, du parti El Insaf ;<\/p>\n<p>3e secr\u00e9taire du bureau de l\u2019Assembl\u00e9e nationale, Ladji Traor\u00e9 du groupe Sawab-APP ;<\/p>\n<p>4e secr\u00e9taire du bureau de l\u2019Assembl\u00e9e nationale, Fatimettou Mint Ely Mahmoud, parti Insaf ;<\/p>\n<p>5e secr\u00e9taire du bureau de l\u2019Assembl\u00e9e nationale, M. Mohamed Yahya Ould Moukhtary Sid Ali, du parti Insaf ;<\/p>\n<p>Rapporteuse du budget : Nana Mint Cheikhna, de l\u2019opposition.<\/p>\n<p>Ami<\/p>\n","protected":false},"excerpt":{"rendered":"<p>L\u2019Assembl\u00e9e nationale a adopt\u00e9, vendredi, lors d\u2019une pl\u00e9ni\u00e8re pr\u00e9sid\u00e9e par M. Ahmedy Ould Hamady, 1er vice-pr\u00e9sident de la chambre, son nouveau bureau, qui se compose comme suit : 1er vice-pr\u00e9sident de l\u2019Assembl\u00e9e nationale, M. Sidney Sokhna, du parti El Insaf ; 2\u00e8me vice-pr\u00e9sident de l\u2019Assembl\u00e9e nationale, El Ghotob Ould Ematt, du parti Tawassoul ; 3e &hellip;<\/p>\n","protected":false},"author":2,"featured_media":2942,"comment_status":"open","ping_status":"open","sticky":false,"template":"","format":"standard","meta":{"footnotes":""},"categories":[18],"tags":[],"class_list":["post-2941","post","type-post","status-publish","format-standard","has-post-thumbnail","hentry","category-actualites"],"_links":{"self":[{"href":"https:\/\/ladepeche.mr\/index.php?rest_route=\/wp\/v2\/posts\/2941","targetHints":{"allow":["GET"]}}],"collection":[{"href":"https:\/\/ladepeche.mr\/index.php?rest_route=\/wp\/v2\/posts"}],"about":[{"href":"https:\/\/ladepeche.mr\/index.php?rest_route=\/wp\/v2\/types\/post"}],"author":[{"embeddable":true,"href":"https:\/\/ladepeche.mr\/index.php?rest_route=\/wp\/v2\/users\/2"}],"replies":[{"embeddable":true,"href":"https:\/\/ladepeche.mr\/index.php?rest_route=%2Fwp%2Fv2%2Fcomments&post=2941"}],"version-history":[{"count":1,"href":"https:\/\/ladepeche.mr\/index.php?rest_route=\/wp\/v2\/posts\/2941\/revisions"}],"predecessor-version":[{"id":2943,"href":"https:\/\/ladepeche.mr\/index.php?rest_route=\/wp\/v2\/posts\/2941\/revisions\/2943"}],"wp:featuredmedia":[{"embeddable":true,"href":"https:\/\/ladepeche.mr\/index.php?rest_route=\/wp\/v2\/media\/2942"}],"wp:attachment":[{"href":"https:\/\/ladepeche.mr\/index.php?rest_route=%2Fwp%2Fv2%2Fmedia&parent=2941"}],"wp:term":[{"taxonomy":"category","embeddable":true,"href":"https:\/\/ladepeche.mr\/index.php?rest_route=%2Fwp%2Fv2%2Fcategories&post=2941"},{"taxonomy":"post_tag","embeddable":true,"href":"https:\/\/ladepeche.mr\/index.php?rest_route=%2Fwp%2Fv2%2Ftags&post=2941"}],"curies":[{"name":"wp","href":"https:\/\/api.w.org\/{rel}","templated":true}]}}