{"id":2947,"date":"2022-11-19T13:30:39","date_gmt":"2022-11-19T13:30:39","guid":{"rendered":"https:\/\/ladepeche.mr\/?p=2947"},"modified":"2022-11-19T13:40:55","modified_gmt":"2022-11-19T13:40:55","slug":"2947","status":"publish","type":"post","link":"https:\/\/ladepeche.mr\/?p=2947","title":{"rendered":"Nominations \u00e0 la pr\u00e9sidence : Retour aux affaires de deux anciens ministres"},"content":{"rendered":"<p>Mohamed Lemine Ould Selmane, ancien ministre de la sant\u00e9 et des affaires sociales, entre juillet 2004 et le putsch d\u2019ao\u00fbt 2005, et madame Aissata Daouda Diallo, \u00e9ph\u00e9m\u00e8re ministre de l\u2019environnement et du d\u00e9veloppement durable (2022) ont \u00e9t\u00e9 rappel\u00e9s comme conseillers au sein du cabinet pr\u00e9sidentiel suite \u00e0 un d\u00e9cret qui ne pr\u00e9cise pas vraiment leurs missions.<br \/>\nOutre le poste de ministre de la sant\u00e9 sous le r\u00e9gime de Maaouiya Ould Sid\u2019Ahmed Taya, Mohamed Lemine Oud Selmane \u00e9ject\u00e9 par l\u2019ex-pr\u00e9sident Aziz au lendemain de son putsch avait \u00e9t\u00e9 rappel\u00e9 par le pr\u00e9sident \u00e9lu, Sidi Ould Cheikh Abdellahi comme ambassadeur en Afrique du Sud et couvrant pour la premi\u00e8re fois de l\u2019histoire diplomatique du pays le Zimbabw\u00e9.<br \/>\nAu-del\u00e0 de ses affectations politiques, Mohamed Lemine Ould Selmane reste un brillant consultat de d\u00e9veloppement aupr\u00e8s de plusieurs organisations internationales en Mauritanie.<br \/>\nQuant \u00e0 A\u00efssata Daouda Diallo, form\u00e9e au Maroc, apr\u00e8s une maitrise en gestion de l\u2019eau \u00e0 la FSTN, en 2006, docteure en G\u00e9osciences des Ressources Naturelles, elle se verra propuls\u00e9e SG Minist\u00e8re de l&#8217;Enseignement Sup\u00e9rieur, de la Recherche Scientifique et des Technologies d&#8217;Information et de la Communication (2015-2020).<br \/>\nOutre ces deux anciens ministres, le d\u00e9cret pris hier par le pr\u00e9sident de la R\u00e9publique nomme aussi Me Mohamed Mahmoud Ould Lematt comme conseiller. Militant politique infatigable, Me Mohaled Mahmoud Ould Lematt, transfuge du Rassemblement des Forces D\u00e9mocratiques du pr\u00e9sident Ahmed Ould Daddah. Il a en assur\u00e9 la vice-pr\u00e9sidence comme il a brill\u00e9 par son opposition aux deux r\u00e9gimes des ex-pr\u00e9sidents Maaouiya Ould Sid\u2019Ahmed Taya (1984-2005) et Mohamed Ould Abdelaziz (2008-2019). Il a rejoint le camp pr\u00e9sidentiel de Ghazouani qui l\u2019avait, une premi\u00e8re fois, affect\u00e9 \u00e0 la zone franche de Nouadhibou.<\/p>\n","protected":false},"excerpt":{"rendered":"<p>Mohamed Lemine Ould Selmane, ancien ministre de la sant\u00e9 et des affaires sociales, entre juillet 2004 et le putsch d\u2019ao\u00fbt 2005, et madame Aissata Daouda Diallo, \u00e9ph\u00e9m\u00e8re ministre de l\u2019environnement et du d\u00e9veloppement durable (2022) ont \u00e9t\u00e9 rappel\u00e9s comme conseillers au sein du cabinet pr\u00e9sidentiel suite \u00e0 un d\u00e9cret qui ne pr\u00e9cise pas vraiment leurs &hellip;<\/p>\n","protected":false},"author":2,"featured_media":2952,"comment_status":"open","ping_status":"open","sticky":false,"template":"","format":"standard","meta":{"footnotes":""},"categories":[18],"tags":[],"class_list":["post-2947","post","type-post","status-publish","format-standard","has-post-thumbnail","hentry","category-actualites"],"_links":{"self":[{"href":"https:\/\/ladepeche.mr\/index.php?rest_route=\/wp\/v2\/posts\/2947","targetHints":{"allow":["GET"]}}],"collection":[{"href":"https:\/\/ladepeche.mr\/index.php?rest_route=\/wp\/v2\/posts"}],"about":[{"href":"https:\/\/ladepeche.mr\/index.php?rest_route=\/wp\/v2\/types\/post"}],"author":[{"embeddable":true,"href":"https:\/\/ladepeche.mr\/index.php?rest_route=\/wp\/v2\/users\/2"}],"replies":[{"embeddable":true,"href":"https:\/\/ladepeche.mr\/index.php?rest_route=%2Fwp%2Fv2%2Fcomments&post=2947"}],"version-history":[{"count":3,"href":"https:\/\/ladepeche.mr\/index.php?rest_route=\/wp\/v2\/posts\/2947\/revisions"}],"predecessor-version":[{"id":2951,"href":"https:\/\/ladepeche.mr\/index.php?rest_route=\/wp\/v2\/posts\/2947\/revisions\/2951"}],"wp:featuredmedia":[{"embeddable":true,"href":"https:\/\/ladepeche.mr\/index.php?rest_route=\/wp\/v2\/media\/2952"}],"wp:attachment":[{"href":"https:\/\/ladepeche.mr\/index.php?rest_route=%2Fwp%2Fv2%2Fmedia&parent=2947"}],"wp:term":[{"taxonomy":"category","embeddable":true,"href":"https:\/\/ladepeche.mr\/index.php?rest_route=%2Fwp%2Fv2%2Fcategories&post=2947"},{"taxonomy":"post_tag","embeddable":true,"href":"https:\/\/ladepeche.mr\/index.php?rest_route=%2Fwp%2Fv2%2Ftags&post=2947"}],"curies":[{"name":"wp","href":"https:\/\/api.w.org\/{rel}","templated":true}]}}