{"id":2958,"date":"2022-11-21T23:37:12","date_gmt":"2022-11-21T23:37:12","guid":{"rendered":"https:\/\/ladepeche.mr\/?p=2958"},"modified":"2022-11-22T00:18:37","modified_gmt":"2022-11-22T00:18:37","slug":"18eme-ediction-de-la-convention-europe-afrique-du-nord-un-creuset-dechanges-fructueux","status":"publish","type":"post","link":"https:\/\/ladepeche.mr\/?p=2958","title":{"rendered":"18\u00e8me \u00e9dition de la Convention Europe Afrique du Nord : Un creuset d\u2019\u00e9changes fructueux !"},"content":{"rendered":"<p>La 18\u00e8me \u00e9dition de la Convention Europe Afrique du Nord, tenue les 20 et 21 novembre 2022 \u00e0 Nouakchott, avec l\u2019appui de l\u2019agence de promotion des investissements en Mauritanie (APIM), a pris fin ce lundi au \u00abMauricenter \u00bb.  Compte-rendu d\u2019une rencontre qui a tenu ses promesses.<\/p>\n<p>Dimanche 20 octobre 2022, la salle des conf\u00e9rences de l\u2019h\u00f4tel \u00abMauricenter \u00bb est archi-comble. Malgr\u00e9 le week-end, les participants \u00e0 la Convention Europe Afrique du Nord (CEAN) se bousculent pour ne rien rater de l\u2019\u00e9v\u00e9nement. Une premi\u00e8re pour cette plateforme qui, sous la houlette de l\u2019APIM, jette les ponts et rassemble au sein d\u2019un m\u00eame creuset d\u2019\u00e9changes et de contact direct plusieurs dizaines d\u2019entreprises nationales et \u00e9trang\u00e8res venues de plusieurs pays et de diff\u00e9rents secteurs d\u2019activit\u00e9s \u00e9conomiques.<br \/>\nApr\u00e8s deux jours d\u2019intenses \u00e9changes et d\u2019extraversion d\u2019id\u00e9es, l\u2019objectif de mise en r\u00e9seaux d\u2019affaires, dans l\u2019innovation, le ciblage et le montage de projets, semble atteint \u00e0 l\u2019issue de ces rencontres privil\u00e9gi\u00e9es.<br \/>\n<img decoding=\"async\" src=\"https:\/\/ladepeche.mr\/wp-content\/uploads\/2022\/11\/IMG_1515-150x150.jpg\" alt=\"Vue partielle des participants\" \/> <\/p>\n<p><strong>Echanges interactifs<\/strong><br \/>\nPremier constat de l\u2019organisation de cette rencontre internationale, destin\u00e9e \u00e0 promouvoir les partenariats \u00e9conomiques, notre pays s\u2019illustre de plus en plus, comme une destination pris\u00e9e de l\u2019investissement direct \u00e9tranger. L\u2019acuit\u00e9 de cet int\u00e9r\u00eat soutendu par de nouvelles richesses naturelles ira crescendo gr\u00e2ce notamment aux efforts d\u00e9ploy\u00e9s pour faire connaitre l\u2019environnement et les conditions d\u2019investissement ; une t\u00e2che \u00e0 laquelle s\u2019att\u00e8le, non sans un succ\u00e8s ind\u00e9niables, les autorit\u00e9s politiques via la mise en place de l\u2019agence de promotion des investissements (APIM) qui honore bien sa mission. Sa DG, un peu souffrante, tiendra d\u2019ailleurs \u00e0 marquer de sa pr\u00e9sence l\u2019inauguration des d\u00e9bats et pour souhaiter succ\u00e8s aux organisateurs mais aussi la bienvenue aux participants.<br \/>\nElle se fera relay\u00e9e par la directrice du guichet unique, Fatimetou Bellamech, qui va s\u2019appesantir sur les \u00e9normes potentialit\u00e9s dont regorge le pays, sur les efforts normatifs pour cr\u00e9er les meilleures garanties de l\u2019investissement, sur la simplification et les proc\u00e9dures d\u2019\u00e9tablissements aujourd\u2019hui propices \u00e0 l\u2019investissement et sur les r\u00e9formes continues pour am\u00e9liorer le climat des affaires dans le pays.<br \/>\nL\u2019ouverture de la rencontre a encore \u00e9t\u00e9 marqu\u00e9e par la mise en lumi\u00e8re de la relation intrins\u00e8que entre l\u2019entreprise et la formation universitaire. Une vision que mettra en relief le vice-pr\u00e9sident de l&#8217;Universit\u00e9 de Nouakchott, charg\u00e9 de la recherche scientifique et de la coop\u00e9ration, le professeur Mohamed Fadel Deida indiquant que l&#8217;universit\u00e9, depuis la mise en place du programme LMD, a entam\u00e9 un processus de r\u00e9forme et de d\u00e9veloppement de ses cursus pour une meilleure p\u00e9r\u00e9quation Formation-Emploi dict\u00e9e par les exigences du march\u00e9 du travail. Plus de 500 jeunes universitaires auraient \u00e9t\u00e9 form\u00e9s en 2021 gr\u00e2ce \u00e0 la mise en place du Centre Universitaire de Formation et d&#8217;Emploi.<br \/>\nDes chasseurs de t\u00eates, bien pensantes, sont aussi aux aguets. Ils veulent octroyer des chances aux meilleurs pour s\u2019affirmer encore dans des organisations faiti\u00e8res pr\u00e9sentes dans l\u2019innovation technologique. Une entreprise marocaine Apebi s\u2019int\u00e9resse \u00e0 ce march\u00e9 \u00abbrain capacity\u00bb et esp\u00e8re  en faire b\u00e9n\u00e9ficier les jeunes talents mauritaniens. <\/p>\n<p><img decoding=\"async\" src=\"https:\/\/ladepeche.mr\/wp-content\/uploads\/2022\/11\/IMG_1533-150x150.jpg\" alt=\"charg\u00e9e de ressources humaines Apebi\" \/><\/p>\n<p><strong>Des entreprises qui se distinguent<\/strong><br \/>\nDans la salle d\u2019exposition des flyers, le visiteur est tout de suite subjugu\u00e9 par le nombre d\u2019entreprises pr\u00e9sentes \u00e0 cette rencontre. Par leur notori\u00e9t\u00e9. L\u2019atmosph\u00e8re de communication cr\u00e9e et suscite l\u2019engouement. Des partenariats se nouent au gr\u00e9 des rencontres provoqu\u00e9es. Une occasion pour d\u2019embl\u00e9e saluer l\u2019annonce faite par la soci\u00e9t\u00e9 El Kheir avec l\u2019un de ses partenaires.<br \/>\nLa premi\u00e8re journ\u00e9e a \u00e9t\u00e9 charg\u00e9e avec la pr\u00e9sentation lors du panel de Haut niveau des activit\u00e9s dans le secteur des \u00e9nergies. Les majors BP, TOTALEnergies, Siemens Energy y ont expos\u00e9 leurs activit\u00e9s, leurs calendriers, les conditions et les d\u00e9fis de l\u2019exploitation. Des experts internationaux comme Francis Perrin, Hassena MBeirick se sont altern\u00e9s pour \u00e9voquer les enjeux cruciaux des \u00e9nergies et de l\u2019environnement \u00e0 la faveur de leur exploitation.<br \/>\nA l\u2019issue de ces pr\u00e9sentations, des \u00e9changes ont \u00e9t\u00e9 men\u00e9s pour mieux \u00e9clairer l\u2019assistance\u2026D\u2019autres exp\u00e9riences comme celle du leadership en entreprise de notre compatriote Amina Habib ont \u00e9galement \u00e9t\u00e9 d\u00e9roul\u00e9es. Une opportunit\u00e9 que la CEAN a voulu marquer de son sceau en lui attribuant une distinction jug\u00e9e m\u00e9rit\u00e9e ainsi qu\u2019\u00e0 Hassena Ould MBeirick pour son r\u00f4le dans la vulgarisation et la sensibilisation aux enjeux et opportunit\u00e9s \u00e9nerg\u00e9tiques.<br \/>\n<img decoding=\"async\" src=\"https:\/\/ladepeche.mr\/wp-content\/uploads\/2022\/11\/IMG_1554-150x150.jpg\" alt=\"Amina Habib \" \/><br \/>\n<img decoding=\"async\" src=\"https:\/\/ladepeche.mr\/wp-content\/uploads\/2022\/11\/1668969990783-150x150.jpg\" alt=\"Hassena Mbeirick\" \/><\/p>\n<p>Au second jour de cette rencontre, l\u2019intervention du jeune DG de l\u2019AMC Travaux force l\u2019administration. Son entreprise investie dans les services (local content) et de consulting est l\u2019unique entreprise en Mauritanie \u00e0 \u00e9taler son attestation Iso 45001. Les HSE n\u2019ont pas de secret pour cette entreprise dont l\u2019osmose d\u2019encadrement serait la cl\u00e9 de son \u00e9mergence.<br \/>\n<img decoding=\"async\" src=\"https:\/\/ladepeche.mr\/wp-content\/uploads\/2022\/11\/IMG_1548-150x150.jpg\" alt=\"DG AMC\" \/><\/p>\n<p>Dans ce tumulte, le succ\u00e8s tiendra aussi au courage et l\u2019esprit d\u2019initiative de bon nombres d\u2019animateurs de PME mauritaniennes emplis de valeurs cardinales qui mettent la main \u00e0 la p\u00e2te avec une grande conviction de faire des affaires mais aussi de servir \u00abhonn\u00eatement \u00bb leur pays. Une image qui collerait au Club des Entrepreneurs de Mauritanie (CEM) qui se veut s\u00e9lectif et regroupe une trentaine de membres. Il veut en tout cas se tailler ce costume sur mesure. Des hommes et des femmes qui s\u2019imposent une certaine orthodoxie professionnelle et tapent \u00e0 l\u2019\u0153il expert du pr\u00e9sident de la CEAN, Mohamed El Ouahdoudi. Pour ce dernier, servir de pont entre les professionnels des deux rives et booster le B2B est le socle de son action atavique et son sacerdoce pour aider \u00e0 une implosion de la richesse au profit de tous. \u00abLa seule richesse qui vaille est celle qui ne suscite pas des laiss\u00e9s pour compte\u00bb se plait-il \u00e0 dispenser.<br \/>\nLes lampions se sont donc \u00e9teints sur de grandes lueurs d\u2019espoirs et notamment avec le rendez-vous pris pour une r\u00e9\u00e9dition d\u2019une telle rencontre en 2023.<br \/>\nJD<\/p>\n","protected":false},"excerpt":{"rendered":"<p>La 18\u00e8me \u00e9dition de la Convention Europe Afrique du Nord, tenue les 20 et 21 novembre 2022 \u00e0 Nouakchott, avec l\u2019appui de l\u2019agence de promotion des investissements en Mauritanie (APIM), a pris fin ce lundi au \u00abMauricenter \u00bb. Compte-rendu d\u2019une rencontre qui a tenu ses promesses. Dimanche 20 octobre 2022, la salle des conf\u00e9rences de &hellip;<\/p>\n","protected":false},"author":2,"featured_media":2959,"comment_status":"open","ping_status":"open","sticky":false,"template":"","format":"standard","meta":{"footnotes":""},"categories":[18,2,31],"tags":[],"class_list":["post-2958","post","type-post","status-publish","format-standard","has-post-thumbnail","hentry","category-actualites","category-economie","category-politique-et-reportages"],"_links":{"self":[{"href":"https:\/\/ladepeche.mr\/index.php?rest_route=\/wp\/v2\/posts\/2958","targetHints":{"allow":["GET"]}}],"collection":[{"href":"https:\/\/ladepeche.mr\/index.php?rest_route=\/wp\/v2\/posts"}],"about":[{"href":"https:\/\/ladepeche.mr\/index.php?rest_route=\/wp\/v2\/types\/post"}],"author":[{"embeddable":true,"href":"https:\/\/ladepeche.mr\/index.php?rest_route=\/wp\/v2\/users\/2"}],"replies":[{"embeddable":true,"href":"https:\/\/ladepeche.mr\/index.php?rest_route=%2Fwp%2Fv2%2Fcomments&post=2958"}],"version-history":[{"count":7,"href":"https:\/\/ladepeche.mr\/index.php?rest_route=\/wp\/v2\/posts\/2958\/revisions"}],"predecessor-version":[{"id":2978,"href":"https:\/\/ladepeche.mr\/index.php?rest_route=\/wp\/v2\/posts\/2958\/revisions\/2978"}],"wp:featuredmedia":[{"embeddable":true,"href":"https:\/\/ladepeche.mr\/index.php?rest_route=\/wp\/v2\/media\/2959"}],"wp:attachment":[{"href":"https:\/\/ladepeche.mr\/index.php?rest_route=%2Fwp%2Fv2%2Fmedia&parent=2958"}],"wp:term":[{"taxonomy":"category","embeddable":true,"href":"https:\/\/ladepeche.mr\/index.php?rest_route=%2Fwp%2Fv2%2Fcategories&post=2958"},{"taxonomy":"post_tag","embeddable":true,"href":"https:\/\/ladepeche.mr\/index.php?rest_route=%2Fwp%2Fv2%2Ftags&post=2958"}],"curies":[{"name":"wp","href":"https:\/\/api.w.org\/{rel}","templated":true}]}}