{"id":2979,"date":"2022-11-22T08:50:08","date_gmt":"2022-11-22T08:50:08","guid":{"rendered":"https:\/\/ladepeche.mr\/?p=2979"},"modified":"2022-11-22T08:50:08","modified_gmt":"2022-11-22T08:50:08","slug":"charles-michel-la-mauritanie-est-un-partenaire-solide-de-lue-un-partenaire-stable-dans-une-region-difficile","status":"publish","type":"post","link":"https:\/\/ladepeche.mr\/?p=2979","title":{"rendered":"Charles Michel : La Mauritanie est un partenaire solide de l\u2019UE, un partenaire stable dans une r\u00e9gion difficile"},"content":{"rendered":"<p>A sa sortie d\u2019audience avec le Pr\u00e9sident de la R\u00e9publique, Son Excellence Monsieur Mohamed Ould Cheikh El Ghazouani, dimanche soir au palais pr\u00e9sidentiel \u00e0 Nouakchott, le pr\u00e9sident du Conseil Europ\u00e9en, M. Charles Michel, a fait une d\u00e9claration \u00e0 l\u2019AMI dans laquelle il a qualifi\u00e9 les relations de la Mauritanie avec l\u2019UE d\u2019excellentes, et m\u00eame exemplaires et que les deux parties ont une compr\u00e9hension commune des enjeux r\u00e9gionaux et globaux.<\/p>\n<p>Il a ajout\u00e9 : La Mauritanie est un partenaire solide de l\u2019UE, un partenaire stable dans une r\u00e9gion que nous savons difficile. Nous saluons les efforts du Pr\u00e9sident de la R\u00e9publique Mohamed Ould Cheikh El Ghazouani, les r\u00e9formes entam\u00e9es, et son leadership ; r\u00e9formes que nous appuyons et que nous comptons continuer \u00e0 les appuyer.<\/p>\n<p>Au sujet de la coop\u00e9ration bilat\u00e9rale, M. Charles Michel a annonc\u00e9 un ambitieux programme de 25 millions d\u2019Euros, et que le travail est en cours pour identifier 50 millions d\u2019Euros additionnels pour les domaines de la s\u00e9curit\u00e9 alimentaire, l\u2019agriculture, la formation et la s\u00e9curit\u00e9.<\/p>\n<p>Parlant des infrastructures, le pr\u00e9sident du conseil europ\u00e9en a d\u00e9clar\u00e9 : \u00ab lors d\u2019une r\u00e9union \u00e0 Bruxelles, le Pr\u00e9sident de la R\u00e9publique a attir\u00e9 l\u2019attention sur des projets d\u2019infrastructures, et l\u00e0, aussi, nous tentons d\u2019aller de l\u2019avant. Je pense, sp\u00e9cialement, \u00e0 cette ligne \u00e0 haute tension entre Nouakchott et Kiffa, pour laquelle une mission de la banque europ\u00e9enne de l\u2019investissement a pu se tenir pour faire progresser ce projet structurant extr\u00eamement important \u00bb.<\/p>\n<p>A propos de la route Nouakchott-Rosso, le pr\u00e9sident du conseil europ\u00e9en a rappel\u00e9 qu\u2019elle a \u00e9t\u00e9 inaugur\u00e9e en mars 2021, et que le travail est en cours pour la construction du pont embl\u00e9matique qui relie la Mauritanie et le S\u00e9n\u00e9gal.<\/p>\n<p>Evoquant le Sahel, M. Charles Michel a dit : l\u2019UE comme vous savez a un agenda extr\u00eamement transparent. Nous avons un int\u00e9r\u00eat commun pour la stabilit\u00e9, pour la paix, pour la prosp\u00e9rit\u00e9, et pour un espace sah\u00e9lien s\u00fbr et prosp\u00e8re. L\u2019UE et le monde ont besoin d\u2019une Afrique prosp\u00e8re, stable, et r\u00e9ciproque.<\/p>\n<p>Il a ajout\u00e9 que la R\u00e9gion du Sahel a b\u00e9n\u00e9fici\u00e9 de beaucoup de soutiens y compris, mat\u00e9riel, financier et politique de la part de l\u2019UE. \u00ab Nous mesurons qu\u2019il reste beaucoup \u00e0 faire pour progresser sur le terrain, de la stabilit\u00e9, de la s\u00e9curit\u00e9 et de la prosp\u00e9rit\u00e9 \u00bb.<\/p>\n<p>Au sujet du G5 Sahel, M. Charles Michel a d\u00e9clar\u00e9 : Nous avons parl\u00e9 de l\u2019attachement au G5 Sahel, et j\u2019aurai l\u2019occasion demain de participer \u00e0 l\u2019initiative d\u2019Accra, et de son interaction avec le G5 sahel.<\/p>\n<p>S\u2019agissant des questions \u00e9nerg\u00e9tiques, le pr\u00e9sident du conseil europ\u00e9en a d\u00e9clar\u00e9 avoir eu une bonne discussion sur le potentiel important de la Mauritanie ; important d\u2019abord pour son d\u00e9veloppement et pour le partenariat avec l\u2019UE.<br \/>\nAmi<\/p>\n","protected":false},"excerpt":{"rendered":"<p>A sa sortie d\u2019audience avec le Pr\u00e9sident de la R\u00e9publique, Son Excellence Monsieur Mohamed Ould Cheikh El Ghazouani, dimanche soir au palais pr\u00e9sidentiel \u00e0 Nouakchott, le pr\u00e9sident du Conseil Europ\u00e9en, M. Charles Michel, a fait une d\u00e9claration \u00e0 l\u2019AMI dans laquelle il a qualifi\u00e9 les relations de la Mauritanie avec l\u2019UE d\u2019excellentes, et m\u00eame exemplaires &hellip;<\/p>\n","protected":false},"author":2,"featured_media":2980,"comment_status":"open","ping_status":"open","sticky":false,"template":"","format":"standard","meta":{"footnotes":""},"categories":[18,29],"tags":[],"class_list":["post-2979","post","type-post","status-publish","format-standard","has-post-thumbnail","hentry","category-actualites","category-monde"],"_links":{"self":[{"href":"https:\/\/ladepeche.mr\/index.php?rest_route=\/wp\/v2\/posts\/2979","targetHints":{"allow":["GET"]}}],"collection":[{"href":"https:\/\/ladepeche.mr\/index.php?rest_route=\/wp\/v2\/posts"}],"about":[{"href":"https:\/\/ladepeche.mr\/index.php?rest_route=\/wp\/v2\/types\/post"}],"author":[{"embeddable":true,"href":"https:\/\/ladepeche.mr\/index.php?rest_route=\/wp\/v2\/users\/2"}],"replies":[{"embeddable":true,"href":"https:\/\/ladepeche.mr\/index.php?rest_route=%2Fwp%2Fv2%2Fcomments&post=2979"}],"version-history":[{"count":1,"href":"https:\/\/ladepeche.mr\/index.php?rest_route=\/wp\/v2\/posts\/2979\/revisions"}],"predecessor-version":[{"id":2981,"href":"https:\/\/ladepeche.mr\/index.php?rest_route=\/wp\/v2\/posts\/2979\/revisions\/2981"}],"wp:featuredmedia":[{"embeddable":true,"href":"https:\/\/ladepeche.mr\/index.php?rest_route=\/wp\/v2\/media\/2980"}],"wp:attachment":[{"href":"https:\/\/ladepeche.mr\/index.php?rest_route=%2Fwp%2Fv2%2Fmedia&parent=2979"}],"wp:term":[{"taxonomy":"category","embeddable":true,"href":"https:\/\/ladepeche.mr\/index.php?rest_route=%2Fwp%2Fv2%2Fcategories&post=2979"},{"taxonomy":"post_tag","embeddable":true,"href":"https:\/\/ladepeche.mr\/index.php?rest_route=%2Fwp%2Fv2%2Ftags&post=2979"}],"curies":[{"name":"wp","href":"https:\/\/api.w.org\/{rel}","templated":true}]}}