{"id":2986,"date":"2022-11-22T21:43:30","date_gmt":"2022-11-22T21:43:30","guid":{"rendered":"https:\/\/ladepeche.mr\/?p=2986"},"modified":"2022-11-22T21:43:30","modified_gmt":"2022-11-22T21:43:30","slug":"le-president-de-la-republique-supervise-louverture-des-travaux-de-la-6eme-conference-mauritanides-pour-lenergie-et-les-mines","status":"publish","type":"post","link":"https:\/\/ladepeche.mr\/?p=2986","title":{"rendered":"Le Pr\u00e9sident de la R\u00e9publique supervise l\u2019ouverture des travaux de la 6\u00e8me conf\u00e9rence Mauritanides pour l\u2019\u00c9nergie et les mines"},"content":{"rendered":"<p>Le Pr\u00e9sident de la R\u00e9publique, Son Excellence Monsieur Mohamed Ould Cheikh Ghazouani, a supervis\u00e9, mardi, au Centre International des Conf\u00e9rences de Nouakchott, le lancement des travaux de la 6\u00e8me conf\u00e9rence Mauritanides, la plus grande rencontre internationale sur les mines, le p\u00e9trole, le gaz et l\u2019\u00e9nergie propre.<\/p>\n<p>Des cadres sup\u00e9rieurs de l\u2019industrie mini\u00e8re, des hydrocarbures et des \u00e9nergies renouvelables et des repr\u00e9sentants des autorit\u00e9s r\u00e9gionales, des investisseurs, des banques, des associations industrielles participent \u00e0 cette 6\u00e8me conf\u00e9rence Mauritanides<\/p>\n<p>Apr\u00e8s la c\u00e9r\u00e9monie d\u2019ouverture de la rencontre, le Pr\u00e9sident de la R\u00e9publique, s\u2019est rendu dans les diff\u00e9rents pavillons de l\u2019exposition organis\u00e9e sur les industries mini\u00e8res et p\u00e9troli\u00e8res par des soci\u00e9t\u00e9s mauritaniennes et \u00e9trang\u00e8res afin de promouvoir leur expertise et leur exp\u00e9rience en la mati\u00e8re.<\/p>\n<p>Dans l\u2019un des pavillons expose le minist\u00e8re du P\u00e9trole, des Mines et de l\u2019\u00c9nergie, pour faire l\u2019\u00e9tat de lieux du niveau de d\u00e9veloppement du secteur p\u00e9trolier et minier \u00e0 travers des communications se rapportant aux domaines de la transparence dans les industries extractives et du climat de l\u2019investissement dans le secteur p\u00e9trolier et minier en Mauritanie.<\/p>\n<p>Organis\u00e9e par le minist\u00e8re du P\u00e9trole, de l\u2019\u00c9nergie et des Mines avec la participation de grandes compagnies internationales sp\u00e9cialis\u00e9es dans le domaine de la prospection p\u00e9troli\u00e8re et l\u2019exploitation des mines, cette \u00e9dition connaitra la participation de 2000 personnes nationales et \u00e9trang\u00e8res et l\u2019organisation de 50 conf\u00e9rences.<\/p>\n<p>Parmi les principaux participants \u00e0 la conf\u00e9rence, figurent les ministres de la R\u00e9publique du S\u00e9n\u00e9gal, principal partenaire de la Mauritanie avec qui elle partage le d\u00e9veloppement du champs gazier \u201cla Tortu Ahmeyem\u201d, le vice- pr\u00e9sident directeur g\u00e9n\u00e9ral de la soci\u00e9t\u00e9 \u201cBritish Petroleum\u201d, ainsi que les responsables de l\u2019\u00e9nergie et des soci\u00e9t\u00e9s mini\u00e8res op\u00e9rant en Mauritanie, des consultants internationaux. Auxquels s\u2019ajoutent la Soci\u00e9t\u00e9 Nationale Industrielle et des Mini\u00e8res \u00ab SNIM \u00bb et la Soci\u00e9t\u00e9 Nationale des P\u00e9troles, en plus des soci\u00e9t\u00e9s p\u00e9troli\u00e8res du S\u00e9n\u00e9gal, du Maroc et de Alg\u00e9rie.La conf\u00e9rence verra \u00e9galement la signature de plusieurs accords de partenariats.<\/p>\n<p>Le Premier ministre, M. Mohamed Bilal Massoud, le pr\u00e9sident de l\u2019Assembl\u00e9e nationale, les ministres conseill\u00e8res \u00e0 la Pr\u00e9sidence de la R\u00e9publique, les chefs des forces arm\u00e9es, les membres du Gouvernement, la pr\u00e9sidente de la R\u00e9gion de Nouakchott et des membres du corps diplomatiques \u00e9taient pr\u00e9sents \u00e0 la c\u00e9r\u00e9monie d\u2019ouverture.<br \/>\nAmi<\/p>\n","protected":false},"excerpt":{"rendered":"<p>Le Pr\u00e9sident de la R\u00e9publique, Son Excellence Monsieur Mohamed Ould Cheikh Ghazouani, a supervis\u00e9, mardi, au Centre International des Conf\u00e9rences de Nouakchott, le lancement des travaux de la 6\u00e8me conf\u00e9rence Mauritanides, la plus grande rencontre internationale sur les mines, le p\u00e9trole, le gaz et l\u2019\u00e9nergie propre. Des cadres sup\u00e9rieurs de l\u2019industrie mini\u00e8re, des hydrocarbures et &hellip;<\/p>\n","protected":false},"author":2,"featured_media":2987,"comment_status":"open","ping_status":"open","sticky":false,"template":"","format":"standard","meta":{"footnotes":""},"categories":[18,2],"tags":[],"class_list":["post-2986","post","type-post","status-publish","format-standard","has-post-thumbnail","hentry","category-actualites","category-economie"],"_links":{"self":[{"href":"https:\/\/ladepeche.mr\/index.php?rest_route=\/wp\/v2\/posts\/2986","targetHints":{"allow":["GET"]}}],"collection":[{"href":"https:\/\/ladepeche.mr\/index.php?rest_route=\/wp\/v2\/posts"}],"about":[{"href":"https:\/\/ladepeche.mr\/index.php?rest_route=\/wp\/v2\/types\/post"}],"author":[{"embeddable":true,"href":"https:\/\/ladepeche.mr\/index.php?rest_route=\/wp\/v2\/users\/2"}],"replies":[{"embeddable":true,"href":"https:\/\/ladepeche.mr\/index.php?rest_route=%2Fwp%2Fv2%2Fcomments&post=2986"}],"version-history":[{"count":1,"href":"https:\/\/ladepeche.mr\/index.php?rest_route=\/wp\/v2\/posts\/2986\/revisions"}],"predecessor-version":[{"id":2988,"href":"https:\/\/ladepeche.mr\/index.php?rest_route=\/wp\/v2\/posts\/2986\/revisions\/2988"}],"wp:featuredmedia":[{"embeddable":true,"href":"https:\/\/ladepeche.mr\/index.php?rest_route=\/wp\/v2\/media\/2987"}],"wp:attachment":[{"href":"https:\/\/ladepeche.mr\/index.php?rest_route=%2Fwp%2Fv2%2Fmedia&parent=2986"}],"wp:term":[{"taxonomy":"category","embeddable":true,"href":"https:\/\/ladepeche.mr\/index.php?rest_route=%2Fwp%2Fv2%2Fcategories&post=2986"},{"taxonomy":"post_tag","embeddable":true,"href":"https:\/\/ladepeche.mr\/index.php?rest_route=%2Fwp%2Fv2%2Ftags&post=2986"}],"curies":[{"name":"wp","href":"https:\/\/api.w.org\/{rel}","templated":true}]}}