{"id":3005,"date":"2022-11-24T12:48:59","date_gmt":"2022-11-24T12:48:59","guid":{"rendered":"https:\/\/ladepeche.mr\/?p=3005"},"modified":"2022-11-24T12:48:59","modified_gmt":"2022-11-24T12:48:59","slug":"face-aux-defis-securitaires-communs-linitiative-55-defense-sengage-a-developper-la-cooperation-multilaterale","status":"publish","type":"post","link":"https:\/\/ladepeche.mr\/?p=3005","title":{"rendered":"Face aux d\u00e9fis s\u00e9curitaires communs: L\u2019Initiative \u201c5+5 D\u00e9fense \u201d s&#8217;engage \u00e0 d\u00e9velopper la coop\u00e9ration multilat\u00e9rale"},"content":{"rendered":"<p>Les pays membres de l&#8217;Initiative &#8220;5+5 D\u00e9fense&#8221; se sont engag\u00e9s, jeudi \u00e0 Rabat, \u00e0 d\u00e9velopper davantage la coop\u00e9ration multilat\u00e9rale dans le but de renforcer la compr\u00e9hension et la confiance mutuelles pour faire face aux d\u00e9fis s\u00e9curitaires communs dans la r\u00e9gion.<\/p>\n<p>Dans une D\u00e9claration conjointe publi\u00e9e \u00e0 l&#8217;issue de la 14\u00e8 r\u00e9union des Chefs d\u2019Etat-Major des arm\u00e9es des pays membres de l\u2019Initiative &#8220;5+5 D\u00e9fense&#8221;, qui s\u2019est tenue sous la pr\u00e9sidence du Royaume du Maroc, les participants ont r\u00e9affirm\u00e9 la poursuite du d\u00e9veloppement de la coop\u00e9ration multilat\u00e9rale, initi\u00e9e depuis 2004 entre les pays membres de cette initiative pour promouvoir la s\u00e9curit\u00e9 en M\u00e9diterran\u00e9e occidentale.<\/p>\n<p>Les Chefs d\u2019Etat-Major des arm\u00e9es de huit pays membres de l\u2019Initiative, \u00e0 savoir la France, l\u2019Italie, la Libye, Malte, la Mauritanie, le Maroc, le Portugal et l\u2019Espagne, ou leurs repr\u00e9sentants, ont \u00e9galement r\u00e9affirm\u00e9 la continuit\u00e9 et l\u2019efficacit\u00e9 des activit\u00e9s de coop\u00e9ration pour atteindre les objectifs escompt\u00e9s en fonction des capacit\u00e9s de chaque Etat membre, conform\u00e9ment aux principes de &#8220;volontariat, de pragmatisme et de consensus&#8221;.<\/p>\n<p>De m\u00eame, la D\u00e9claration conjointe appelle \u00e0 p\u00e9renniser la coop\u00e9ration dans les quatre piliers majeurs, \u00e0 savoir les domaines relatifs \u00e0 la surveillance maritime, la s\u00fbret\u00e9 a\u00e9rienne, la contribution des Forces arm\u00e9es \u00e0 la gestion des catastrophes majeures, ainsi que la recherche acad\u00e9mique et la formation.<\/p>\n<p>Il s\u2019agit aussi de &#8220;poursuivre l\u2019\u00e9largissement de la coop\u00e9ration \u00e0 d\u2019autres domaines d\u2019int\u00e9r\u00eat commun tels que les forces sp\u00e9ciales, la cybers\u00e9curit\u00e9, les drones, la lutte contre le terrorisme, la recherche et sauvetage, l\u2019intelligence artificielle, le d\u00e9minage humanitaire, lutte contre les engins explosifs improvis\u00e9s (C-IED), le soutien m\u00e9dical militaire, la coop\u00e9ration civilo-militaire (CIMIC), la lutte contre la pollution marine et les d\u00e9fis s\u00e9curitaires r\u00e9sultant des changements climatiques&#8221;.<\/p>\n<p>Les pays membres recommandent aussi de &#8220;maintenir la conduite des exercices pratiques et r\u00e9alistes&#8221;, notamment &#8220;SEABORDER\u201d, \u201cCIRCAETE\u201d et ceux relatifs aux op\u00e9rations de recherche et sauvetage, et d&#8217;encourager le partage du retour d\u2019exp\u00e9rience de ces activit\u00e9s afin de renforcer l\u2019interop\u00e9rabilit\u00e9 entre les Forces arm\u00e9es des pays membres.<\/p>\n<p>Dans cette m\u00eame veine, la D\u00e9claration conjointe appelle \u00e0 encourager l\u2019\u00e9change d\u2019exp\u00e9riences acquises par les Forces arm\u00e9es lors de leur contribution, en appui aux autorit\u00e9s civiles, dans la gestion des catastrophes naturelles majeures, des pand\u00e9mies ou \u00e9pid\u00e9mies.<\/p>\n<p>Par ailleurs, les pays membres saluent les efforts consentis par le Coll\u00e8ge &#8220;5+5 D\u00e9fense&#8221; et la pertinence des th\u00e9matiques choisies portant sur la s\u00e9curit\u00e9 et la d\u00e9fense, ainsi que les efforts consentis par le Centre euro-maghr\u00e9bin de recherches et \u00e9tudes strat\u00e9giques (CEMRES) visant \u00e0 approfondir la r\u00e9flexion et l\u2019analyse pour mieux appr\u00e9hender les th\u00e9matiques d\u2019actualit\u00e9 li\u00e9es \u00e0 la s\u00e9curit\u00e9 commune.<\/p>\n<p>Dans ce m\u00eame ordre d\u2019id\u00e9e, ils encouragent la coop\u00e9ration initi\u00e9e entre le Coll\u00e8ge &#8220;5+5 D\u00e9fense&#8221; et le CEMRES afin d\u2019optimiser la formation et la recherche au sein de l\u2019Initiative &#8220;5+5 D\u00e9fense&#8221;.<\/p>\n<p>En outre, le document salue le lancement du forum &#8220;5+5 Cyber&#8221; qui permettra, gr\u00e2ce \u00e0 une participation active, d\u2019am\u00e9liorer l\u2019\u00e9change d\u2019informations et d\u2019exp\u00e9riences entre les pays membres de l\u2019Initiative en mati\u00e8re de cyberd\u00e9fense.<\/p>\n<p>Les Chefs d\u2019Etats-Major de arm\u00e9es des pays membres de l\u2019initiative 5+5 ou leurs repr\u00e9sentants soutiennent aussi la poursuite des travaux du Centre 5+5 de formation sur le d\u00e9minage humanitaire (5+5 TCHD) et encouragent la programmation d\u2019activit\u00e9s dans ce domaine au titre des plans d\u2019action futurs.<\/p>\n<p>Ils soulignent aussi l\u2019importance de l\u2019\u00e9change d\u2019information entre les Marines des pays membres, \u00e0 travers le R\u00e9seau du centre virtuel r\u00e9gional de contr\u00f4le du trafic maritime (V-RMTC) qui contribue \u00e0 une meilleure connaissance de la situation maritime, ainsi que l\u2019importance du site web de l\u2019Initiative &#8220;5+5 D\u00e9fense&#8221;, tout en encourageant ses efforts en tant que plateforme d\u2019\u00e9change d\u2019informations actualis\u00e9es et de rayonnement de l\u2019Initiative.<\/p>\n<p>La D\u00e9claration conjointe recommande aussi de promouvoir l&#8217;\u00e9galit\u00e9 des chances entre les genres et sa prise en compte dans les forces arm\u00e9es des Etats membres de l\u2019Initiative &#8220;5 + 5 D\u00e9fense&#8221; tout en soulignant le r\u00f4le important des femmes dans la pr\u00e9vention et la r\u00e9solution des conflits ainsi que dans la consolidation de la paix.<\/p>\n<p>Le document encourage aussi la tenue des r\u00e9unions des Chefs d\u2019Etat-Major Air et des Chefs d\u2019Etat-Major des Marines, ainsi que celle des Directeurs des services de sant\u00e9 militaire afin de renforcer la compr\u00e9hension mutuelle, et d\u2019\u00e9tudier la possibilit\u00e9 de cr\u00e9er un centre de s\u00e9curit\u00e9 sp\u00e9cialis\u00e9 pour l&#8217;\u00e9change d&#8217;informations entre les pays 5+5 dans le domaine de la lutte contre le terrorisme.<\/p>\n<p>Enfin, la D\u00e9claration finale r\u00e9affirme l\u2019engagement collectif en faveur de la p\u00e9rennisation de l\u2019Initiative &#8220;5+5 D\u00e9fense&#8221;, qui constitue &#8220;un espace d\u2019\u00e9change, de concertation et de compr\u00e9hension multilat\u00e9rales permettant de relever collectivement les d\u00e9fis r\u00e9gionaux et de veiller sur la paix, la s\u00e9curit\u00e9 et la stabilit\u00e9 en M\u00e9diterran\u00e9e occidentale&#8221;.<\/p>\n<p>Les chefs d&#8217;Etat-Major des arm\u00e9es des pays membres de l\u2019Initiative &#8220;5+5 D\u00e9fense&#8221;, (France- Italie- Libye- Malte -Mauritanie- Maroc- Portugal- Espagne) ou leurs repr\u00e9sentants ont convenu de recommander l\u2019int\u00e9gration de ces conclusions dans la d\u00e9claration conjointe devant sanctionner les travaux de la 18\u00e8me r\u00e9union des ministres de la d\u00e9fense des pays membres, pr\u00e9vue le 16 d\u00e9cembre 2022 \u00e0 Rabat.<br \/>\nhttps:\/\/www.libe.ma\/L-Initiative-5-5-Defense-s-engage-a-developper-la-cooperation-multilaterale_a135956.html<\/p>\n","protected":false},"excerpt":{"rendered":"<p>Les pays membres de l&#8217;Initiative &#8220;5+5 D\u00e9fense&#8221; se sont engag\u00e9s, jeudi \u00e0 Rabat, \u00e0 d\u00e9velopper davantage la coop\u00e9ration multilat\u00e9rale dans le but de renforcer la compr\u00e9hension et la confiance mutuelles pour faire face aux d\u00e9fis s\u00e9curitaires communs dans la r\u00e9gion. Dans une D\u00e9claration conjointe publi\u00e9e \u00e0 l&#8217;issue de la 14\u00e8 r\u00e9union des Chefs d\u2019Etat-Major des &hellip;<\/p>\n","protected":false},"author":2,"featured_media":3006,"comment_status":"open","ping_status":"open","sticky":false,"template":"","format":"standard","meta":{"footnotes":""},"categories":[18,29],"tags":[],"class_list":["post-3005","post","type-post","status-publish","format-standard","has-post-thumbnail","hentry","category-actualites","category-monde"],"_links":{"self":[{"href":"https:\/\/ladepeche.mr\/index.php?rest_route=\/wp\/v2\/posts\/3005","targetHints":{"allow":["GET"]}}],"collection":[{"href":"https:\/\/ladepeche.mr\/index.php?rest_route=\/wp\/v2\/posts"}],"about":[{"href":"https:\/\/ladepeche.mr\/index.php?rest_route=\/wp\/v2\/types\/post"}],"author":[{"embeddable":true,"href":"https:\/\/ladepeche.mr\/index.php?rest_route=\/wp\/v2\/users\/2"}],"replies":[{"embeddable":true,"href":"https:\/\/ladepeche.mr\/index.php?rest_route=%2Fwp%2Fv2%2Fcomments&post=3005"}],"version-history":[{"count":1,"href":"https:\/\/ladepeche.mr\/index.php?rest_route=\/wp\/v2\/posts\/3005\/revisions"}],"predecessor-version":[{"id":3007,"href":"https:\/\/ladepeche.mr\/index.php?rest_route=\/wp\/v2\/posts\/3005\/revisions\/3007"}],"wp:featuredmedia":[{"embeddable":true,"href":"https:\/\/ladepeche.mr\/index.php?rest_route=\/wp\/v2\/media\/3006"}],"wp:attachment":[{"href":"https:\/\/ladepeche.mr\/index.php?rest_route=%2Fwp%2Fv2%2Fmedia&parent=3005"}],"wp:term":[{"taxonomy":"category","embeddable":true,"href":"https:\/\/ladepeche.mr\/index.php?rest_route=%2Fwp%2Fv2%2Fcategories&post=3005"},{"taxonomy":"post_tag","embeddable":true,"href":"https:\/\/ladepeche.mr\/index.php?rest_route=%2Fwp%2Fv2%2Ftags&post=3005"}],"curies":[{"name":"wp","href":"https:\/\/api.w.org\/{rel}","templated":true}]}}