{"id":3016,"date":"2022-11-24T17:06:34","date_gmt":"2022-11-24T17:06:34","guid":{"rendered":"https:\/\/ladepeche.mr\/?p=3016"},"modified":"2022-11-24T17:06:34","modified_gmt":"2022-11-24T17:06:34","slug":"le-president-de-la-republique-se-rend-a-niamey-pour-assister-aux-sommets-de-lua-sur-lindustrialisation-de-lafrique-et-la-zlecaf","status":"publish","type":"post","link":"https:\/\/ladepeche.mr\/?p=3016","title":{"rendered":"Le Pr\u00e9sident de la R\u00e9publique se rend \u00e0 Niamey pour assister aux Sommets de l\u2019UA sur l\u2019Industrialisation de l\u2019Afrique et la ZLECAf"},"content":{"rendered":"<p>Son Excellence le Pr\u00e9sident de la R\u00e9publique, M. Mohamed Ould Cheikh El Ghazouani, a quitt\u00e9 Nouakchott ce jeudi, \u00e0 destination de Niamey pour assister au Sommet de l\u2019Union Africaine (UA) sur l\u2019Industrialisation et la diversification \u00e9conomique en Afrique et la Session extraordinaire de l\u2019UA sur la Zone de libre-\u00e9change continentale africaine (ZLECAf).<\/p>\n<p>Le Pr\u00e9sident de la R\u00e9publique a \u00e9t\u00e9 salu\u00e9 \u00e0 l\u2019a\u00e9roport international de Nouakchott Oum-Tounsi, par le Premier ministre, Mohamed Ould Bilal Massoud, la ministre conseill\u00e8re \u00e0 la Pr\u00e9sidence de la R\u00e9publique, des membres du gouvernement, le chef d\u2019\u00c9tat-major particulier du Pr\u00e9sident de la R\u00e9publique, la directrice adjointe de cabinet du Pr\u00e9sident de la R\u00e9publique, le wali de Nouakchott-Ouest et la pr\u00e9sidente de la R\u00e9gion de Nouakchott.<\/p>\n<p>Au cours de ce voyage, le Pr\u00e9sident de la R\u00e9publique est accompagn\u00e9 d\u2019une importante d\u00e9l\u00e9gation qui comprend :<\/p>\n<p>-Madame Mari\u00e8me Mint Dah, Premi\u00e8re Dame,<\/p>\n<p>-Coumba Ba, ministre conseill\u00e8re \u00e0 la Pr\u00e9sidence de la R\u00e9publique,<\/p>\n<p>-Ousmane Mamoudou Kane, ministres des Affaires \u00e9conomiques et de la Promotion des Secteurs productifs,<\/p>\n<p>-Sid\u2019Ahmed Ould Mohamed, ministre de l\u2019Habitat, de l\u2019Urbanisme et de l\u2019Am\u00e9nagement du Territoire,<\/p>\n<p>-Lemrabott Ould Bennahi, ministre du Commerce, de l\u2019Artisanat et du Tourisme,<\/p>\n<p>-Isma\u00ebl Ould Cheikh Ahmed, directeur de Cabinet du Pr\u00e9sident de la R\u00e9publique,<\/p>\n<p>-Khadija M\u2019Bareck Vall, ambassadrice de Mauritanie \u00e0 Addis-Abeba, repr\u00e9sentante r\u00e9sidente aupr\u00e8s de l\u2019Union Africaine,<\/p>\n<p>Sidatty Ould Ahmed A\u00efcha, ambassadeur de Mauritanie \u00e0 Niamey,<\/p>\n<p>-Ahmed Ould Bahini, charg\u00e9 de mission \u00e0 la Pr\u00e9sidence de la R\u00e9publique,<\/p>\n<p>-Traour\u00e9 Harouna, charg\u00e9 de mission \u00e0 la Pr\u00e9sidence de la R\u00e9publique,<\/p>\n<p>-El Hacen Ould Ahmed, directeur g\u00e9n\u00e9ral du Protocole d\u2019\u00c9tat.<br \/>\nAMI<\/p>\n","protected":false},"excerpt":{"rendered":"<p>Son Excellence le Pr\u00e9sident de la R\u00e9publique, M. Mohamed Ould Cheikh El Ghazouani, a quitt\u00e9 Nouakchott ce jeudi, \u00e0 destination de Niamey pour assister au Sommet de l\u2019Union Africaine (UA) sur l\u2019Industrialisation et la diversification \u00e9conomique en Afrique et la Session extraordinaire de l\u2019UA sur la Zone de libre-\u00e9change continentale africaine (ZLECAf). Le Pr\u00e9sident de &hellip;<\/p>\n","protected":false},"author":2,"featured_media":3017,"comment_status":"open","ping_status":"open","sticky":false,"template":"","format":"standard","meta":{"footnotes":""},"categories":[18,29],"tags":[],"class_list":["post-3016","post","type-post","status-publish","format-standard","has-post-thumbnail","hentry","category-actualites","category-monde"],"_links":{"self":[{"href":"https:\/\/ladepeche.mr\/index.php?rest_route=\/wp\/v2\/posts\/3016","targetHints":{"allow":["GET"]}}],"collection":[{"href":"https:\/\/ladepeche.mr\/index.php?rest_route=\/wp\/v2\/posts"}],"about":[{"href":"https:\/\/ladepeche.mr\/index.php?rest_route=\/wp\/v2\/types\/post"}],"author":[{"embeddable":true,"href":"https:\/\/ladepeche.mr\/index.php?rest_route=\/wp\/v2\/users\/2"}],"replies":[{"embeddable":true,"href":"https:\/\/ladepeche.mr\/index.php?rest_route=%2Fwp%2Fv2%2Fcomments&post=3016"}],"version-history":[{"count":1,"href":"https:\/\/ladepeche.mr\/index.php?rest_route=\/wp\/v2\/posts\/3016\/revisions"}],"predecessor-version":[{"id":3018,"href":"https:\/\/ladepeche.mr\/index.php?rest_route=\/wp\/v2\/posts\/3016\/revisions\/3018"}],"wp:featuredmedia":[{"embeddable":true,"href":"https:\/\/ladepeche.mr\/index.php?rest_route=\/wp\/v2\/media\/3017"}],"wp:attachment":[{"href":"https:\/\/ladepeche.mr\/index.php?rest_route=%2Fwp%2Fv2%2Fmedia&parent=3016"}],"wp:term":[{"taxonomy":"category","embeddable":true,"href":"https:\/\/ladepeche.mr\/index.php?rest_route=%2Fwp%2Fv2%2Fcategories&post=3016"},{"taxonomy":"post_tag","embeddable":true,"href":"https:\/\/ladepeche.mr\/index.php?rest_route=%2Fwp%2Fv2%2Ftags&post=3016"}],"curies":[{"name":"wp","href":"https:\/\/api.w.org\/{rel}","templated":true}]}}