{"id":3022,"date":"2022-11-24T18:18:48","date_gmt":"2022-11-24T18:18:48","guid":{"rendered":"https:\/\/ladepeche.mr\/?p=3022"},"modified":"2022-11-24T18:18:48","modified_gmt":"2022-11-24T18:18:48","slug":"publication-des-memoires-de-lex-ministre-des-affaires-etrangeres-m-ahmed-ould-teguedi","status":"publish","type":"post","link":"https:\/\/ladepeche.mr\/?p=3022","title":{"rendered":"Publication des m\u00e9moires de l&#8217;ex ministre des affaires \u00e9trang\u00e8res M. Ahmed Ould Teguedi"},"content":{"rendered":"<p>Mille f\u00e9licitations et meilleurs compliments \u00e0 mon fr\u00e8re et ami, Son Excellence M. Ahmed Ould Teguedi, Ex-Ministre des Affaires \u00e9trang\u00e8res, pour la publication de l&#8217;ouvrage portant ses m\u00e9moires sous le titre \u00abRegard sur 34 ans de diplomatie mauritanienne\u00bb paru aujourd&#8217;hui aux \u00e9ditions L&#8217;Harmattan \u00e0 Paris.<br \/>\nAutant, c&#8217;est l&#8217;occasion pour moi de le remercier de m&#8217;avoir fait l&#8217;honneur et la primaut\u00e9 d&#8217;annoncer la publication de cet ouvrage, qui constitue un t\u00e9moignage document\u00e9 de la part d&#8217;un diplomate chevronn\u00e9 qui avait servi son pays et sa patrie entre 1981 et 2015 avec honn\u00eatet\u00e9, professionnalisme et d\u00e9vouement, inspir\u00e9 par un adage soufi &#8220;servir sans se servir&#8221; qui exprime le comble du d\u00e9sint\u00e9ressement et de l&#8217;abn\u00e9gation.<\/p>\n<p>\u00abRegard sur 34 ans de diplomatie mauritanienne\u00bb est un ouvrage d&#8217;environ 200 pages de taille moyenne, pr\u00e9fac\u00e9 par M. Miguel Angel Moratinos, ancien Ministre espagnol des Affaires \u00e9trang\u00e8res, qui a \u00e9t\u00e9 un coll\u00e8gue de l&#8217;auteur \u00e0 titre d&#8217;Ambassadeurs \u00e0 Tel-Aviv ; L&#8217;avant-propos du livre est \u00e9crit par M. Cheikh Sid&#8217;Ahmed Ould Babamine, un autre ancien Ministre des Affaires \u00e9trang\u00e8res et un ami de l&#8217;auteur.<\/p>\n<p>L&#8217;ouvrage se termine par un \u00e9pilogue comprenant deux t\u00e9moignages in\u00e9dits  dont l&#8217;un a \u00e9t\u00e9 r\u00e9dig\u00e9 par le G\u00e9n\u00e9ral de corps d&#8217;arm\u00e9e Babacar Gaye (S\u00e9n\u00e9gal), Ancien conseiller militaire du Secr\u00e9taire g\u00e9n\u00e9ral des Nations unies et, le second par le Colonel Peer de Jong, (France) Vice-pr\u00e9sident de l&#8217;Institut d&#8217;\u00e9tudes strat\u00e9giques &#8220;Themiis&#8221; \u00e0 Paris. Les deux hommes avaient connu et c\u00f4toy\u00e9 l&#8217;auteur lorsqu&#8217;il \u00e9tait le Repr\u00e9sentant permanent de la Mauritanie aupr\u00e8s de l&#8217;ONU, puis comme Ministre des Affaires \u00e9trang\u00e8res et de la Coop\u00e9ration. Ils ont travaill\u00e9 avec lui sur le dossier de l&#8217;int\u00e9gration et de l&#8217;initiation des forces arm\u00e9es mauritaniennes pour la participation aux forces de maintien de la paix des Nations Unies \u00abCasques Bleus \u00bb. Apparemment,  l&#8217;auteur de cet ouvrage de M\u00e9moires, a \u00e9t\u00e9 le p\u00e8re du Peacekeeping mauritanien. L&#8217;homme qui avait r\u00e9ussi \u00e0 introduire le dossier du pays, pour la premi\u00e8re fois, au volet de maintien de la paix des Nations Unies qui est un effort conjoint du D\u00e9partement des op\u00e9rations de maintien de la paix et du D\u00e9partement de l&#8217;appui aux missions.<\/p>\n<p>S&#8217;agissant du corpus de l&#8217;ouvrage, il comprend 5 chapitres, une conclusion g\u00e9n\u00e9rale et trois annexes en plus des \u00e9pilogues.<br \/>\nDans son int\u00e9gralit\u00e9, l&#8217;ouvrage est un t\u00e9moignage in\u00e9dit de l&#8217;\u00e8re diplomatique contemporaine dans ses dimensions mauritaniennes, r\u00e9gionales et internationales. Il soul\u00e8ve et traite sans tabous, de nombreuses questions et sujets dans un style noble et d\u00e9tach\u00e9. L&#8217;ouvrage est d&#8217;autant plus int\u00e9ressant compte tenu de l&#8217;intensit\u00e9 et de la gravit\u00e9 des \u00e9v\u00e9nements que de la profondeur de leurs effets et impacts diplomatiques, politiques et \u00e9conomiques (Invasion du Kowe\u00eft, Premi\u00e8re guerre du Golfe, Relations entre la Mauritanie et Isra\u00ebl, etc.) ; C&#8217;est aussi un ouvrage divertissant, et m\u00eame parfois amusant, notamment \u00e0 travers les nombreuses blagues et taquineries spontan\u00e9es, diss\u00e9min\u00e9es \u00e0 travers les pans d&#8217;un r\u00e9cit s\u00e9duisant.<\/p>\n<p>Le constat le plus frappant dans cet ouvrage, serait peut-\u00eatre, cette nouvelle grille de lecture, coh\u00e9rente et document\u00e9e de l&#8217;historique des relations entre la Mauritanie et Isra\u00ebl, que l&#8217;auteur  d\u00e9voile sans d\u00e9tours, les dessous, les causes, l&#8217;essor et la fin. A ce titre, l&#8217;ouvrage de Teguedi, serait \u00e0 mon avis, un r\u00e9cit in\u00e9dit qui bouscule les id\u00e9es re\u00e7ues, tout en forgeant une interpr\u00e9tation originelle d&#8217;un sujet qui a \u00e9t\u00e9 longtemps, consid\u00e9r\u00e9 hyper sensible voir brulant, aussi bien par l&#8217;opinion publique nationale que par les \u00e9lites mauritaniennes. Sur ce champ chaotique et taraud\u00e9, l&#8217;auteur s&#8217;est efforc\u00e9 avec tact et persuasion, afin d&#8217;\u00e9claircir le bienfond\u00e9 et les vrais mobiles qui ont dict\u00e9 \u00e0 son \u00e9poque, cette \u00abrelation\u00bb entre la Mauritanie et Isra\u00ebl, qui a pourtant toujours \u00e9tait ambigu\u00eb aux yeux de beaucoup de Mauritaniens.<\/p>\n<p>Ahmed Ould Teguedi ou &#8220;Le Diplomate du D\u00e9sert&#8221;, comme l&#8217;a surnomm\u00e9 son ami et coll\u00e8gue Miguel Moratinos, dans la pr\u00e9face de l&#8217;ouvrage, est n\u00e9 \u00e0 Chinguetti en 1954. Il a travaill\u00e9 exclusivement dans le domaine diplomatique apr\u00e8s avoir obtenu son dipl\u00f4me de Master au D\u00e9partement d&#8217;\u00e9conomie et de cybern\u00e9tique de l&#8217;Acad\u00e9mie de Bucarest en Roumanie. Il avait servi  d&#8217;abord comme diplomate et conseiller aupr\u00e8s des Missions diplomatiques \u00e0 Washington, au Caire, \u00e0 Sanaa et \u00e0 Rabat, puis comme Ambassadeur \u00e0 Tel-Aviv puis, \u00e0 New York comme Repr\u00e9sentant Permanent de la Mauritanie aupr\u00e8s des Nations Unies. Ensuite, il a \u00e9t\u00e9 nomm\u00e9 Ministre des Affaires \u00e9trang\u00e8res en 2013. Il avait pris sa retraite en 2015.<\/p>\n<p>Bien entendu, le pr\u00e9sent ouvrage de M\u00e9moires a \u00e9t\u00e9 publi\u00e9 dans sa version fran\u00e7aise, toutefois, la traduction de l&#8217;ouvrage en arabe est en cours.<\/p>\n<p>Il est attendu que l&#8217;ouvrage soit distribu\u00e9 \u00e0 travers le monde par la maison d&#8217;\u00e9dition L&#8217;Harmattan. En Mauritanie la distribution sera assur\u00e9e certainement au niveau de L&#8217;Harmattan -Mauritanie, Espace El Kettab du livre francophone N\u00b0472 avenue Palais des Congr\u00e8s BP 316, Nouakchott.<\/p>\n<p>Mohamed Saleck Ould Brahim <\/p>\n","protected":false},"excerpt":{"rendered":"<p>Mille f\u00e9licitations et meilleurs compliments \u00e0 mon fr\u00e8re et ami, Son Excellence M. Ahmed Ould Teguedi, Ex-Ministre des Affaires \u00e9trang\u00e8res, pour la publication de l&#8217;ouvrage portant ses m\u00e9moires sous le titre \u00abRegard sur 34 ans de diplomatie mauritanienne\u00bb paru aujourd&#8217;hui aux \u00e9ditions L&#8217;Harmattan \u00e0 Paris. Autant, c&#8217;est l&#8217;occasion pour moi de le remercier de m&#8217;avoir &hellip;<\/p>\n","protected":false},"author":2,"featured_media":3023,"comment_status":"open","ping_status":"open","sticky":false,"template":"","format":"standard","meta":{"footnotes":""},"categories":[15,19],"tags":[],"class_list":["post-3022","post","type-post","status-publish","format-standard","has-post-thumbnail","hentry","category-culture","category-tribune"],"_links":{"self":[{"href":"https:\/\/ladepeche.mr\/index.php?rest_route=\/wp\/v2\/posts\/3022","targetHints":{"allow":["GET"]}}],"collection":[{"href":"https:\/\/ladepeche.mr\/index.php?rest_route=\/wp\/v2\/posts"}],"about":[{"href":"https:\/\/ladepeche.mr\/index.php?rest_route=\/wp\/v2\/types\/post"}],"author":[{"embeddable":true,"href":"https:\/\/ladepeche.mr\/index.php?rest_route=\/wp\/v2\/users\/2"}],"replies":[{"embeddable":true,"href":"https:\/\/ladepeche.mr\/index.php?rest_route=%2Fwp%2Fv2%2Fcomments&post=3022"}],"version-history":[{"count":1,"href":"https:\/\/ladepeche.mr\/index.php?rest_route=\/wp\/v2\/posts\/3022\/revisions"}],"predecessor-version":[{"id":3024,"href":"https:\/\/ladepeche.mr\/index.php?rest_route=\/wp\/v2\/posts\/3022\/revisions\/3024"}],"wp:featuredmedia":[{"embeddable":true,"href":"https:\/\/ladepeche.mr\/index.php?rest_route=\/wp\/v2\/media\/3023"}],"wp:attachment":[{"href":"https:\/\/ladepeche.mr\/index.php?rest_route=%2Fwp%2Fv2%2Fmedia&parent=3022"}],"wp:term":[{"taxonomy":"category","embeddable":true,"href":"https:\/\/ladepeche.mr\/index.php?rest_route=%2Fwp%2Fv2%2Fcategories&post=3022"},{"taxonomy":"post_tag","embeddable":true,"href":"https:\/\/ladepeche.mr\/index.php?rest_route=%2Fwp%2Fv2%2Ftags&post=3022"}],"curies":[{"name":"wp","href":"https:\/\/api.w.org\/{rel}","templated":true}]}}