{"id":3028,"date":"2022-11-25T09:00:00","date_gmt":"2022-11-25T09:00:00","guid":{"rendered":"https:\/\/ladepeche.mr\/?p=3028"},"modified":"2022-11-25T10:22:37","modified_gmt":"2022-11-25T10:22:37","slug":"guerre-froide-est-ouest-a-propos-de-lukraine-avons-nous-choisi-un-camp","status":"publish","type":"post","link":"https:\/\/ladepeche.mr\/?p=3028","title":{"rendered":"Guerre froide Est-Ouest \u00e0 propos de l\u2019Ukraine : Avons-nous choisi un camp?"},"content":{"rendered":"<p>Depuis le d\u00e9clenchement de l\u2019invasion militaire russe en Ukraine, le monde retient son souffle. Aucun risque de 3\u00e8me guerre mondial n\u2019a \u00e9t\u00e9 si proche. Et loin de s\u2019estomper, la crise entre l\u2019Occident et la Russie, prolong\u00e9e en territoire malien, nous impacte profond\u00e9ment.<\/p>\n<p>Par principe, la Mauritanie a vot\u00e9 \u00e0 l\u2019Onu contre l\u2019invasion en f\u00e9vrier 2022 d\u2019un Etat souverain: l\u2019Ukraine.  La r\u00e9action des autorit\u00e9s mauritaniens faisait partie d\u2019un vote condamnant le 2 mars 2022, lors de l\u2019Assembl\u00e9e g\u00e9n\u00e9rale de l\u2019Onu, par 141 voix pour contre 5, \u00ab l\u2019agression \u00bb commise par la Russie contre l\u2019Ukraine. La Russie fera fi de toutes les menaces et continue aujourd\u2019hui encore de poser son emprise sur le territoire ukrainien. Entre temps, le monde s\u2019est emball\u00e9 dans une crise alimentaire et \u00e9nerg\u00e9tique. L\u2019Afrique d\u2019abord subit de plein fouet l\u2019impact de la guerre avec la mont\u00e9e vertigineuse des prix des denr\u00e9es alimentaires et du prix des hydrocarbures. A peine s\u2019\u00e9tait-elle relev\u00e9e de la Covid-19 que la guerre des riches menace de l\u2019affamer. L\u2019Europe n\u2019est pas en reste. Moscou a conscience de l\u2019arme du gaz. L\u2019Europe se d\u00e9commande mais devra compter sur des solutions alternatives au gaz de la Russie pour sortir de ses griffes d\u00e9finitivement. L\u2019Europe est aussi perdante et l\u2019Europe pique pour moins qu\u2019un dollar dans une r\u00e9cession qui risque de perdurer. <\/p>\n<p><strong>\u00ab Quand la case de ton voisin br\u00fble, h\u00e2te-toi de l&#8217;aider \u00e0 \u00e9teindre le feu\u2026<\/strong><br \/>\nDepuis mai 2021 et la prise de pouvoir par Assimi Goita des commandes de l\u2019Etat malien, la Mauritanie, tout comme les autres pays limitrophes du Mali, est sur le qui vive. D\u2019un c\u00f4t\u00e9 le Mali est un pays fr\u00e8re qui a \u00e9t\u00e9 abandonn\u00e9 par toute la CEDEAO et qu\u2019elle ne pouvait pas regarder sombrer dans la famine. La contrepartie est lourde.Trente-cinq civils mauritaniens sont assassin\u00e9s aux alentours des villes de Bassikounou et Fassala \u00e0 la fronti\u00e8re avec le Mali. Forces arm\u00e9es maliennes ou Wagner ? L\u2019enqu\u00eate instruite par le Mali n\u2019a pas toujours \u00e9t\u00e9 boucl\u00e9e. Ce deuxi\u00e8me putsch de Goita fait cafouillage dans la sous-r\u00e9gion. Le rejet par la France du \u00e9ni\u00e8me coup d\u2019Etat de Goita et sa duplicit\u00e9 sur les coups d\u2019Etat en Afrique, le jette dans les bras du groupe Wagner. En d\u00e9cembre 2021, les russes se font moins discrets sur le terrain malien.<br \/>\nLe groupe Wagner ou PMC Wagner, est soup\u00e7onn\u00e9 par les Occidentaux comme &#8220;une organisation paramilitaire qui \u0153uvre dans le but d&#8217;assurer la d\u00e9fense des int\u00e9r\u00eats ext\u00e9rieurs de la Russie&#8221;. Le groupe serait g\u00e9r\u00e9 par l&#8217;homme d&#8217;affaire Evgueni Prigojine, un proche du pr\u00e9sident russe Vladimir Poutine.<br \/>\nLe conflit ukrainien trouve ainsi une nouvelle ramification; un prolongement sur notre aire loin du premier champ de bataille. On perp\u00e9tue les m\u00e9sententes Est-Ouest. Mais aujourd\u2019hui, la situation au Mali ne rassure plus. La pr\u00e9sence tol\u00e9r\u00e9e de Wagner cr\u00e9e tout au moins de la suspicion pour les riverains du Mali \u00e0 l\u2019heure o\u00f9 la Russie cherche \u00e0 se d\u00e9ployer sur le Continent. Il va sans dire que les forces occidentales qui font de notre pays le seul pays sah\u00e9lien jouissant d\u2019une coop\u00e9ration avec l\u2019Otan surveillent de pr\u00e8s les uns et les autres. Malgr\u00e9 des accords de coop\u00e9ration militaire pass\u00e9s avec la Russie en 2021, la Mauritanie semble prise entre deux feux. Jamais le conflit ukrainien n\u2019a jamais \u00e9t\u00e9 aussi proche de nos portes.<br \/>\nJD<\/p>\n","protected":false},"excerpt":{"rendered":"<p>Depuis le d\u00e9clenchement de l\u2019invasion militaire russe en Ukraine, le monde retient son souffle. Aucun risque de 3\u00e8me guerre mondial n\u2019a \u00e9t\u00e9 si proche. Et loin de s\u2019estomper, la crise entre l\u2019Occident et la Russie, prolong\u00e9e en territoire malien, nous impacte profond\u00e9ment. Par principe, la Mauritanie a vot\u00e9 \u00e0 l\u2019Onu contre l\u2019invasion en f\u00e9vrier 2022 &hellip;<\/p>\n","protected":false},"author":2,"featured_media":3029,"comment_status":"open","ping_status":"open","sticky":false,"template":"","format":"standard","meta":{"footnotes":""},"categories":[18,29],"tags":[],"class_list":["post-3028","post","type-post","status-publish","format-standard","has-post-thumbnail","hentry","category-actualites","category-monde"],"_links":{"self":[{"href":"https:\/\/ladepeche.mr\/index.php?rest_route=\/wp\/v2\/posts\/3028","targetHints":{"allow":["GET"]}}],"collection":[{"href":"https:\/\/ladepeche.mr\/index.php?rest_route=\/wp\/v2\/posts"}],"about":[{"href":"https:\/\/ladepeche.mr\/index.php?rest_route=\/wp\/v2\/types\/post"}],"author":[{"embeddable":true,"href":"https:\/\/ladepeche.mr\/index.php?rest_route=\/wp\/v2\/users\/2"}],"replies":[{"embeddable":true,"href":"https:\/\/ladepeche.mr\/index.php?rest_route=%2Fwp%2Fv2%2Fcomments&post=3028"}],"version-history":[{"count":2,"href":"https:\/\/ladepeche.mr\/index.php?rest_route=\/wp\/v2\/posts\/3028\/revisions"}],"predecessor-version":[{"id":3031,"href":"https:\/\/ladepeche.mr\/index.php?rest_route=\/wp\/v2\/posts\/3028\/revisions\/3031"}],"wp:featuredmedia":[{"embeddable":true,"href":"https:\/\/ladepeche.mr\/index.php?rest_route=\/wp\/v2\/media\/3029"}],"wp:attachment":[{"href":"https:\/\/ladepeche.mr\/index.php?rest_route=%2Fwp%2Fv2%2Fmedia&parent=3028"}],"wp:term":[{"taxonomy":"category","embeddable":true,"href":"https:\/\/ladepeche.mr\/index.php?rest_route=%2Fwp%2Fv2%2Fcategories&post=3028"},{"taxonomy":"post_tag","embeddable":true,"href":"https:\/\/ladepeche.mr\/index.php?rest_route=%2Fwp%2Fv2%2Ftags&post=3028"}],"curies":[{"name":"wp","href":"https:\/\/api.w.org\/{rel}","templated":true}]}}