{"id":3033,"date":"2022-11-25T20:11:28","date_gmt":"2022-11-25T20:11:28","guid":{"rendered":"https:\/\/ladepeche.mr\/?p=3033"},"modified":"2022-11-25T20:11:28","modified_gmt":"2022-11-25T20:11:28","slug":"retour-de-niamey-du-president-de-la-republique","status":"publish","type":"post","link":"https:\/\/ladepeche.mr\/?p=3033","title":{"rendered":"Retour de Niamey du Pr\u00e9sident de la R\u00e9publique"},"content":{"rendered":"<p>Son Excellence M. Mohamed Ould Cheikh El Ghazouani, Pr\u00e9sident de la R\u00e9publique, a regagn\u00e9 Nouakchott vendredi soir en provenance de Niamey (Niger) apr\u00e8s avoir particip\u00e9 aux travaux du sommet extraordinaire de l\u2019Union africaine sur l\u2019industrialisation et la diversification \u00e9conomique en Afrique et \u00e0 la session extraordinaire de l\u2019Union africaine sur la Zone de libre-\u00e9change du continent africain.<\/p>\n<p>Le Pr\u00e9sident de la R\u00e9publique a \u00e9t\u00e9 accueilli \u00e0 l\u2019a\u00e9roport international de Nouakchott (Oumtounsy) par le Premier ministre, M. Mohamed Ould Bilal Messoud, le ministre conseiller de la Pr\u00e9sidence de la R\u00e9publique, un certain nombre de membres du Gouvernement, le chef d\u2019\u00e9tat- major particulier du Pr\u00e9sident de la R\u00e9publique, le directeur adjoint de cabinet du Pr\u00e9sident, et le wali de Nouakchott- Ouest.<\/p>\n<p>Son Excellence le Pr\u00e9sident de la R\u00e9publique \u00e9tait accompagn\u00e9 d\u2019une importante d\u00e9l\u00e9gation qui comprenait :<\/p>\n<p>-Madame Mari\u00e8me Mint Dah, Premi\u00e8re Dame;<\/p>\n<p>-Coumba Ba, ministre conseill\u00e8re \u00e0 la Pr\u00e9sidence de la R\u00e9publique;<\/p>\n<p>-Ousmane Mamoudou Kane, ministres des Affaires \u00e9conomiques et de la Promotion des Secteurs productifs;<\/p>\n<p>-Sid\u2019Ahmed Ould Mohamed, ministre de l\u2019Habitat, de l\u2019Urbanisme et de l\u2019Am\u00e9nagement du Territoire;<\/p>\n<p>-Lemrabott Ould Bennahi, ministre du Commerce, de l\u2019Artisanat et du Tourisme;<\/p>\n<p>-Isma\u00ebl Ould Cheikh Ahmed, directeur de Cabinet du Pr\u00e9sident de la R\u00e9publique;<\/p>\n<p>-Khadija M\u2019Bareck Vall, ambassadrice de Mauritanie \u00e0 Addis-Abeba, repr\u00e9sentante r\u00e9sidente aupr\u00e8s de l\u2019Union Africaine,<\/p>\n<p>-Sidatty Ould Ahmed A\u00efcha, ambassadeur de Mauritanie \u00e0 Niamey,<\/p>\n<p>-Ahmed Ould Bahini, charg\u00e9 de mission \u00e0 la Pr\u00e9sidence de la R\u00e9publique,<\/p>\n<p>-Traor\u00e9 Harouna, charg\u00e9 de mission \u00e0 la Pr\u00e9sidence de la R\u00e9publique,<\/p>\n<p>-El Hacen Ould Ahmed, directeur g\u00e9n\u00e9ral du Protocole d\u2019\u00c9tat.<br \/>\nAmi<\/p>\n","protected":false},"excerpt":{"rendered":"<p>Son Excellence M. Mohamed Ould Cheikh El Ghazouani, Pr\u00e9sident de la R\u00e9publique, a regagn\u00e9 Nouakchott vendredi soir en provenance de Niamey (Niger) apr\u00e8s avoir particip\u00e9 aux travaux du sommet extraordinaire de l\u2019Union africaine sur l\u2019industrialisation et la diversification \u00e9conomique en Afrique et \u00e0 la session extraordinaire de l\u2019Union africaine sur la Zone de libre-\u00e9change du &hellip;<\/p>\n","protected":false},"author":2,"featured_media":3034,"comment_status":"open","ping_status":"open","sticky":false,"template":"","format":"standard","meta":{"footnotes":""},"categories":[18,29],"tags":[],"class_list":["post-3033","post","type-post","status-publish","format-standard","has-post-thumbnail","hentry","category-actualites","category-monde"],"_links":{"self":[{"href":"https:\/\/ladepeche.mr\/index.php?rest_route=\/wp\/v2\/posts\/3033","targetHints":{"allow":["GET"]}}],"collection":[{"href":"https:\/\/ladepeche.mr\/index.php?rest_route=\/wp\/v2\/posts"}],"about":[{"href":"https:\/\/ladepeche.mr\/index.php?rest_route=\/wp\/v2\/types\/post"}],"author":[{"embeddable":true,"href":"https:\/\/ladepeche.mr\/index.php?rest_route=\/wp\/v2\/users\/2"}],"replies":[{"embeddable":true,"href":"https:\/\/ladepeche.mr\/index.php?rest_route=%2Fwp%2Fv2%2Fcomments&post=3033"}],"version-history":[{"count":1,"href":"https:\/\/ladepeche.mr\/index.php?rest_route=\/wp\/v2\/posts\/3033\/revisions"}],"predecessor-version":[{"id":3035,"href":"https:\/\/ladepeche.mr\/index.php?rest_route=\/wp\/v2\/posts\/3033\/revisions\/3035"}],"wp:featuredmedia":[{"embeddable":true,"href":"https:\/\/ladepeche.mr\/index.php?rest_route=\/wp\/v2\/media\/3034"}],"wp:attachment":[{"href":"https:\/\/ladepeche.mr\/index.php?rest_route=%2Fwp%2Fv2%2Fmedia&parent=3033"}],"wp:term":[{"taxonomy":"category","embeddable":true,"href":"https:\/\/ladepeche.mr\/index.php?rest_route=%2Fwp%2Fv2%2Fcategories&post=3033"},{"taxonomy":"post_tag","embeddable":true,"href":"https:\/\/ladepeche.mr\/index.php?rest_route=%2Fwp%2Fv2%2Ftags&post=3033"}],"curies":[{"name":"wp","href":"https:\/\/api.w.org\/{rel}","templated":true}]}}