{"id":3036,"date":"2022-11-25T20:47:20","date_gmt":"2022-11-25T20:47:20","guid":{"rendered":"https:\/\/ladepeche.mr\/?p=3036"},"modified":"2022-11-25T20:48:26","modified_gmt":"2022-11-25T20:48:26","slug":"media-le-ministre-de-la-culture-veut-porter-plus-loin-la-voix-de-la-radio-nationale","status":"publish","type":"post","link":"https:\/\/ladepeche.mr\/?p=3036","title":{"rendered":"M\u00e9dia : Le ministre de la Culture veut porter plus loin la voix de la Radio Nationale"},"content":{"rendered":"<p>Le ministre de de la Culture, de la Jeunesse, des Sports et des Relations avec le Parlement, Mohamed Ould Soueidat, a proc\u00e9d\u00e9, \u00e0 Male, r\u00e9gion du Brakna, au lancement de l&#8217;extension de la couverture de la radiodiffusion, pour englober 29 localit\u00e9s sevr\u00e9es de la r\u00e9ception des ondes de la radio nationale.<br \/>\nUne zone de silence qui jusqu\u2019ici maintenait ces localit\u00e9s en dehors du champ d\u2019\u00e9mission de la radio nationale.<br \/>\nPour le ministre, l\u2019inauguration de cette nouvelle \u00e9tape dans la couverture de la radio nationale constituera un apport qualitatif au b\u00e9n\u00e9fice de l\u2019information et de la vulgarisation des programmes sociaux et \u00e9conomiques au profit des populations. Il a encore soulign\u00e9 que les m\u00e9dias de d\u00e9veloppement sont l&#8217;un de ses principaux piliers pour acc\u00e9l\u00e9rer le rythme de mise en \u0153uvre de l&#8217;ambitieux programme de Son Excellence le Pr\u00e9sident de la R\u00e9publique, Mohamed Ould Cheikh Al-Ghazwani. <\/p>\n<p>Une \u0153uvre \u00e0 laquelle se serait attel\u00e9 son d\u00e9partement \u00ab pour incarner une approche globale \u00bb via de nombreuses activit\u00e9s et programmes qui visent \u00e0 contribuer au d\u00e9veloppement du pays, \u00e0 \u00e9duquer le citoyen afin de l&#8217;impliquer activement, et pour offrir une opportunit\u00e9 aux jeunes afin de \u00ab lib\u00e9rer leurs \u00e9nergies.&#8221;<br \/>\nUne promotion de la jeunesse \u00e0 laquelle serait le pr\u00e9sident Ghazouani le rappelant \u00ab \u00e0 plus d&#8217;une reprise sa d\u00e9termination \u00e0 promouvoir cette importante frange dont la prise en charge est consid\u00e9r\u00e9e comme une pr\u00e9occupation pour le pr\u00e9sent et l&#8217;avenir du pays.&#8221;<br \/>\nLe ministre qui a pr\u00e9cis\u00e9 que son d\u00e9partement veille \u00e0 la concr\u00e9tisation de cette aspiration du pr\u00e9sident de la R\u00e9publique, a initi\u00e9 beaucoup d\u2019actions \u00e0 l\u2019endroit de la jeunesse pour susciter le sport de masse, la culture du travail, de la discipline et de la tol\u00e9rance\u2026 Le ministre estime enfin que l\u2019entr\u00e9e en activit\u00e9 de la radio nationale dans des zones recul\u00e9es comme un mass-m\u00e9dia va booster la participation des populations de cette zone \u00e0 la marche d\u2019ensemble pour la promotion socio-\u00e9conomique dans les r\u00e9gions du pays.<\/p>\n","protected":false},"excerpt":{"rendered":"<p>Le ministre de de la Culture, de la Jeunesse, des Sports et des Relations avec le Parlement, Mohamed Ould Soueidat, a proc\u00e9d\u00e9, \u00e0 Male, r\u00e9gion du Brakna, au lancement de l&#8217;extension de la couverture de la radiodiffusion, pour englober 29 localit\u00e9s sevr\u00e9es de la r\u00e9ception des ondes de la radio nationale. Une zone de silence &hellip;<\/p>\n","protected":false},"author":2,"featured_media":3038,"comment_status":"open","ping_status":"open","sticky":false,"template":"","format":"standard","meta":{"footnotes":""},"categories":[18],"tags":[],"class_list":["post-3036","post","type-post","status-publish","format-standard","has-post-thumbnail","hentry","category-actualites"],"_links":{"self":[{"href":"https:\/\/ladepeche.mr\/index.php?rest_route=\/wp\/v2\/posts\/3036","targetHints":{"allow":["GET"]}}],"collection":[{"href":"https:\/\/ladepeche.mr\/index.php?rest_route=\/wp\/v2\/posts"}],"about":[{"href":"https:\/\/ladepeche.mr\/index.php?rest_route=\/wp\/v2\/types\/post"}],"author":[{"embeddable":true,"href":"https:\/\/ladepeche.mr\/index.php?rest_route=\/wp\/v2\/users\/2"}],"replies":[{"embeddable":true,"href":"https:\/\/ladepeche.mr\/index.php?rest_route=%2Fwp%2Fv2%2Fcomments&post=3036"}],"version-history":[{"count":1,"href":"https:\/\/ladepeche.mr\/index.php?rest_route=\/wp\/v2\/posts\/3036\/revisions"}],"predecessor-version":[{"id":3037,"href":"https:\/\/ladepeche.mr\/index.php?rest_route=\/wp\/v2\/posts\/3036\/revisions\/3037"}],"wp:featuredmedia":[{"embeddable":true,"href":"https:\/\/ladepeche.mr\/index.php?rest_route=\/wp\/v2\/media\/3038"}],"wp:attachment":[{"href":"https:\/\/ladepeche.mr\/index.php?rest_route=%2Fwp%2Fv2%2Fmedia&parent=3036"}],"wp:term":[{"taxonomy":"category","embeddable":true,"href":"https:\/\/ladepeche.mr\/index.php?rest_route=%2Fwp%2Fv2%2Fcategories&post=3036"},{"taxonomy":"post_tag","embeddable":true,"href":"https:\/\/ladepeche.mr\/index.php?rest_route=%2Fwp%2Fv2%2Ftags&post=3036"}],"curies":[{"name":"wp","href":"https:\/\/api.w.org\/{rel}","templated":true}]}}