{"id":3046,"date":"2022-11-28T11:53:39","date_gmt":"2022-11-28T11:53:39","guid":{"rendered":"https:\/\/ladepeche.mr\/?p=3046"},"modified":"2022-11-28T11:54:34","modified_gmt":"2022-11-28T11:54:34","slug":"le-president-de-la-republique-preside-la-ceremonie-de-lever-des-couleurs-en-commemoration-du-62e-anniversaire-de-lindependance-nationale","status":"publish","type":"post","link":"https:\/\/ladepeche.mr\/?p=3046","title":{"rendered":"62e anniversaire de l\u2019ind\u00e9pendance nationale: Le pr\u00e9sident de la R\u00e9publique pr\u00e9side la c\u00e9r\u00e9monie de lever des couleurs"},"content":{"rendered":"<p>Son Excellence le Pr\u00e9sident de la R\u00e9publique, M. Mohamed Ould Cheikh El Ghazouani, a pr\u00e9sid\u00e9 ce matin, lundi, au Palais pr\u00e9sidentiel \u00e0 Nouakchott, la c\u00e9r\u00e9monie de lever des couleurs, en comm\u00e9moration du 62e anniversaire de la f\u00eate de l\u2019ind\u00e9pendance nationale.<\/p>\n<p>La c\u00e9r\u00e9monie s\u2019est d\u00e9roul\u00e9e en pr\u00e9sence de Son Excellence le Premier Ministre, M. Mohamed Ould Bilal Messaoud, du Pr\u00e9sident de l\u2019Assembl\u00e9e Nationale, M. Cheikh Ould Baya, du Pr\u00e9sident du Conseil Constitutionnel, M. Diallo Mamadou Bathia, du Pr\u00e9sident de l\u2019institution de l\u2019Opposition D\u00e9mocratique, M. Brahim Ould Bekaye, d\u2019anciens premiers ministres, du wali de Nouakchott Ouest, de la pr\u00e9sidente de la r\u00e9gion de Nouakchott, des membres du gouvernement, des chefs d\u2019institutions constitutionnelles et des chefs d\u2019\u00e9tat-major des forces arm\u00e9es et de s\u00e9curit\u00e9, ainsi que des repr\u00e9sentants des formations politiques et des organisations syndicales, des membres du corps diplomatique, des repr\u00e9sentants d\u2019organisations internationales accr\u00e9dit\u00e9es en Mauritanie, des attach\u00e9s militaires aupr\u00e8s des ambassades \u00e0 Nouakchott et des hauts fonctionnaires du pays.<\/p>\n<p>Son Excellence le Pr\u00e9sident de la R\u00e9publique, accompagn\u00e9 du Ministre de la D\u00e9fense Nationale, et du Chef de l\u2019\u00c9tat-major G\u00e9n\u00e9ral des arm\u00e9es, a pass\u00e9 en revue au son de la musique militaire, les unit\u00e9s de terre, mer, air, gendarmerie nationale, garde nationale et de la musique militaire, avant que Son Excellence le Pr\u00e9sident de la R\u00e9publique ne serre la main des officiers sup\u00e9rieurs des forces arm\u00e9es et des forces de s\u00e9curit\u00e9.<\/p>\n<p>Ensuite, Son Excellence a salu\u00e9 les deux ministres conseill\u00e8res \u00e0 la Pr\u00e9sidence de la R\u00e9publique et a serr\u00e9 la main des membres du gouvernement, des chefs des organes constitutionnels, des chefs d\u2019\u00e9tat-major des arm\u00e9es et des forces de s\u00e9curit\u00e9, officiers sup\u00e9rieurs et dignitaires de l\u2019\u00c9tat, des pr\u00e9sidents et des repr\u00e9sentants des formations politiques nationales et syndicales, des membres du corps diplomatique, des repr\u00e9sentants des organisations internationales accr\u00e9dit\u00e9es en Mauritanie et les attach\u00e9s militaires aupr\u00e8s des ambassades en Mauritanie Nouakchott.<\/p>\n<p>Apr\u00e8s cela, le drapeau de la R\u00e9publique islamique de Mauritanie a \u00e9t\u00e9 hiss\u00e9 dans le ciel de la ville de Nouakchott au son de l\u2019hymne national.<\/p>\n<p>Par la suite Son Excellence le Pr\u00e9sident de la R\u00e9publique, M. Mohamed Ould Cheikh El Ghazouani, a d\u00e9cor\u00e9 plusieurs personnalit\u00e9s.<br \/>\nAmi<\/p>\n","protected":false},"excerpt":{"rendered":"<p>Son Excellence le Pr\u00e9sident de la R\u00e9publique, M. Mohamed Ould Cheikh El Ghazouani, a pr\u00e9sid\u00e9 ce matin, lundi, au Palais pr\u00e9sidentiel \u00e0 Nouakchott, la c\u00e9r\u00e9monie de lever des couleurs, en comm\u00e9moration du 62e anniversaire de la f\u00eate de l\u2019ind\u00e9pendance nationale. La c\u00e9r\u00e9monie s\u2019est d\u00e9roul\u00e9e en pr\u00e9sence de Son Excellence le Premier Ministre, M. Mohamed Ould &hellip;<\/p>\n","protected":false},"author":2,"featured_media":3047,"comment_status":"open","ping_status":"open","sticky":false,"template":"","format":"standard","meta":{"footnotes":""},"categories":[18],"tags":[],"class_list":["post-3046","post","type-post","status-publish","format-standard","has-post-thumbnail","hentry","category-actualites"],"_links":{"self":[{"href":"https:\/\/ladepeche.mr\/index.php?rest_route=\/wp\/v2\/posts\/3046","targetHints":{"allow":["GET"]}}],"collection":[{"href":"https:\/\/ladepeche.mr\/index.php?rest_route=\/wp\/v2\/posts"}],"about":[{"href":"https:\/\/ladepeche.mr\/index.php?rest_route=\/wp\/v2\/types\/post"}],"author":[{"embeddable":true,"href":"https:\/\/ladepeche.mr\/index.php?rest_route=\/wp\/v2\/users\/2"}],"replies":[{"embeddable":true,"href":"https:\/\/ladepeche.mr\/index.php?rest_route=%2Fwp%2Fv2%2Fcomments&post=3046"}],"version-history":[{"count":2,"href":"https:\/\/ladepeche.mr\/index.php?rest_route=\/wp\/v2\/posts\/3046\/revisions"}],"predecessor-version":[{"id":3049,"href":"https:\/\/ladepeche.mr\/index.php?rest_route=\/wp\/v2\/posts\/3046\/revisions\/3049"}],"wp:featuredmedia":[{"embeddable":true,"href":"https:\/\/ladepeche.mr\/index.php?rest_route=\/wp\/v2\/media\/3047"}],"wp:attachment":[{"href":"https:\/\/ladepeche.mr\/index.php?rest_route=%2Fwp%2Fv2%2Fmedia&parent=3046"}],"wp:term":[{"taxonomy":"category","embeddable":true,"href":"https:\/\/ladepeche.mr\/index.php?rest_route=%2Fwp%2Fv2%2Fcategories&post=3046"},{"taxonomy":"post_tag","embeddable":true,"href":"https:\/\/ladepeche.mr\/index.php?rest_route=%2Fwp%2Fv2%2Ftags&post=3046"}],"curies":[{"name":"wp","href":"https:\/\/api.w.org\/{rel}","templated":true}]}}